{"id":1821,"date":"2025-04-29T02:36:00","date_gmt":"2025-04-29T00:36:00","guid":{"rendered":"http:\/\/ospc.com.pl\/?p=1821"},"modified":"2025-05-02T02:38:59","modified_gmt":"2025-05-02T00:38:59","slug":"jest-nowa-mlodziezowa-rada-miasta","status":"publish","type":"post","link":"https:\/\/ospc.com.pl\/index.php\/2025\/04\/29\/jest-nowa-mlodziezowa-rada-miasta\/","title":{"rendered":"Jest nowa M\u0142odzie\u017cowa Rada Miasta"},"content":{"rendered":"\n<p>Lubimy patrze\u0107 jak rozwija si\u0119 nasza m\u0142odzie\u017c, a serca rosn\u0105, gdy obserwujemy ich zaanga\u017cowanie w \u017cycie miasta. Bo Cz\u0119stochow\u0119 tworzymy my i od nas zale\u017cy jak b\u0119dzie ona wygl\u0105da\u0107 za par\u0119 lat. W magistracie obradowa\u0142 nowy sk\u0142ad m\u0142odzie\u017cowych radnych. Jak informuje biuro prasowe UM, podczas sesji cz\u0142onkowie MRM otrzymali mandaty i wybrali spo\u015br\u00f3d siebie nowy zarz\u0105d.<\/p>\n\n\n\n<p>W czasie inauguracyjnego posiedzenia prezydent Cz\u0119stochowy Krzysztof Matyjaszczyk, przewodnicz\u0105cy Rady Miasta \u0141ukasz Bana\u015b i wr\u0119czyli mandaty uczennicom i uczni\u00f3w szk\u00f3\u0142 \u015brednich, kt\u00f3rzy zostali wybrani do M\u0142odzie\u017cowej Rady Miasta XVII kadencji. Na sali by\u0142 te\u017c Sebastian Trzeszkowski (kiedy\u015b miejski radny i szef MRM). Obrady by\u0142a okazj\u0105, by nowi radni wybrali swojego szefa. Zosta\u0142 nim Kacper Ciszewski z I LO im. J. S\u0142owackiego. Na jego zast\u0119pc\u00f3w wybrano Olafa Boskiego z Technicznych Zak\u0142ad\u00f3w Naukowych oraz Marcela Skwarka z Zespo\u0142u Szk\u00f3\u0142 Gastronomicznych im. M. S\u0142odowskiej-Curie. Rzeczniczk\u0105 prasow\u0105 zosta\u0142a Natalia Socha z IX LO im. Norwida. Przed ka\u017cdym z g\u0142osowa\u0144 kandydaci dokonywali autoprezentacji i zapowiedzi, kt\u00f3re z obszar\u00f3w dzia\u0142ania ich najbardziej interesuj\u0105. S\u0142owo, kt\u00f3re najcz\u0119\u015bciej pada\u0142o na sali, to wsp\u00f3\u0142praca. M\u0142odzi deklarowali ch\u0119\u0107 dzia\u0142ania wsp\u00f3lnie z organizacjami pozarz\u0105dowymi.<\/p>\n\n\n\n<p>Info\/foto: za UM Cz\u0119stochowa<\/p>\n","protected":false},"excerpt":{"rendered":"<p>Lubimy patrze\u0107 jak rozwija si\u0119 nasza m\u0142odzie\u017c, a serca rosn\u0105, gdy obserwujemy ich zaanga\u017cowanie w \u017cycie miasta. Bo Cz\u0119stochow\u0119 tworzymy my i&#8230;<\/p>\n","protected":false},"author":3,"featured_media":1822,"comment_status":"open","ping_status":"open","sticky":false,"template":"","format":"standard","meta":[],"categories":[4],"tags":[],"jetpack_featured_media_url":"https:\/\/ospc.com.pl\/wp-content\/uploads\/2025\/05\/81715-1.jpg","_links":{"self":[{"href":"https:\/\/ospc.com.pl\/index.php\/wp-json\/wp\/v2\/posts\/1821"}],"collection":[{"href":"https:\/\/ospc.com.pl\/index.php\/wp-json\/wp\/v2\/posts"}],"about":[{"href":"https:\/\/ospc.com.pl\/index.php\/wp-json\/wp\/v2\/types\/post"}],"author":[{"embeddable":true,"href":"https:\/\/ospc.com.pl\/index.php\/wp-json\/wp\/v2\/users\/3"}],"replies":[{"embeddable":true,"href":"https:\/\/ospc.com.pl\/index.php\/wp-json\/wp\/v2\/comments?post=1821"}],"version-history":[{"count":1,"href":"https:\/\/ospc.com.pl\/index.php\/wp-json\/wp\/v2\/posts\/1821\/revisions"}],"predecessor-version":[{"id":1823,"href":"https:\/\/ospc.com.pl\/index.php\/wp-json\/wp\/v2\/posts\/1821\/revisions\/1823"}],"wp:featuredmedia":[{"embeddable":true,"href":"https:\/\/ospc.com.pl\/index.php\/wp-json\/wp\/v2\/media\/1822"}],"wp:attachment":[{"href":"https:\/\/ospc.com.pl\/index.php\/wp-json\/wp\/v2\/media?parent=1821"}],"wp:term":[{"taxonomy":"category","embeddable":true,"href":"https:\/\/ospc.com.pl\/index.php\/wp-json\/wp\/v2\/categories?post=1821"},{"taxonomy":"post_tag","embeddable":true,"href":"https:\/\/ospc.com.pl\/index.php\/wp-json\/wp\/v2\/tags?post=1821"}],"curies":[{"name":"wp","href":"https:\/\/api.w.org\/{rel}","templated":true}]}}