{"id":1825,"date":"2025-04-30T23:06:00","date_gmt":"2025-04-30T21:06:00","guid":{"rendered":"http:\/\/ospc.com.pl\/?p=1825"},"modified":"2025-05-03T23:09:47","modified_gmt":"2025-05-03T21:09:47","slug":"majowka-przed-nami","status":"publish","type":"post","link":"https:\/\/ospc.com.pl\/index.php\/2025\/04\/30\/majowka-przed-nami\/","title":{"rendered":"Maj\u00f3wka przed nami"},"content":{"rendered":"\n<p>Przed nami maj\u00f3wka &#8211; czas grillowania, ale i kilku wa\u017cnych \u015bwi\u0105t. Z tej okazji cz\u0119stochowski magistrat przedstawi\u0142 program uroczysto\u015bci. <\/p>\n\n\n\n<p>Przypomnijmy, 1 maja to \u015awi\u0119to Pracy, 2 maja \u2013 Dzie\u0144 Flagi, a 3 maja \u2013 \u015awi\u0119to Konstytucji oraz rocznica wybuchu III Powstania \u015al\u0105skiego. Dlatego te\u017c w pi\u0105tek Urz\u0105d Miasta b\u0119dzie nieczynny, z powodu \u015bwi\u0119ta przypadaj\u0105cego w sobot\u0119 &#8211; poinformowa\u0142o Biuro Prasowe. <\/p>\n\n\n\n<p>1 maja jest obchodzony Mi\u0119dzynarodowy Dzie\u0144 Solidarno\u015bci Ludzi Pracy, a 2 maja przypada Dzie\u0144 Flagi Rzeczypospolitej Polskiej, ustanowiony w 2004 r. Tego dnia Urz\u0105d Miasta Cz\u0119stochowy b\u0119dzie nieczynny. To efekt \u015bwi\u0119ta przypadaj\u0105cego w sobot\u0119, za kt\u00f3re &#8211; zgodnie z regulacj\u0105 Kodeksu Pracy &#8211; przys\u0142uguje dzie\u0144 wolny. Wyj\u0105tkiem b\u0119dzie Referat Zgon\u00f3w w Urz\u0119dzie Stanu Cywilnego, do kt\u00f3rego b\u0119dzie mo\u017cna wej\u015b\u0107 od ul. Focha (w godz. 7.30-15.30). Wszystkich pozosta\u0142ych interesant\u00f3w zapraszamy od poniedzia\u0142ku 5 maja.<\/p>\n\n\n\n<p>3 maja przypada \u015awi\u0119to Konstytucji oraz rocznica wybuchu III Powstania \u015al\u0105skiego.<\/p>\n\n\n\n<p>W Cz\u0119stochowie o godz. 11 &#8211; w 104. rocznic\u0119 wybuchu III Powstania \u015al\u0105skiego &#8211; delegacja z udzia\u0142em przedstawicieli w\u0142adz miasta z\u0142o\u017cy kwiaty na powsta\u0144czych mogi\u0142ach na Cmentarzu \u015bw. Rocha, gdzie odda ho\u0142d bohaterom 1921 roku.<br \/>III Powstanie \u015al\u0105skie, kt\u00f3re wybuch\u0142o z 2 na 3 maja 1921 r. (po wcze\u015bniejszych zrywach w 1919 i 1920 roku) mia\u0142o na celu popraw\u0119 niekorzystnego dla Polak\u00f3w wyniku Plebiscytu na G\u00f3rnym \u015al\u0105sku. Cz\u0119stochowa wspiera\u0142a powsta\u0144c\u00f3w w r\u00f3\u017cnoraki spos\u00f3b. Opr\u00f3cz czynnego udzia\u0142u w walkach by\u0142y to m.in. manifestacje solidarno\u015bciowe, zbi\u00f3rki dar\u00f3w i pieni\u0119dzy czy leczenie rannych powsta\u0144c\u00f3w w cz\u0119stochowskich szpitalach. W III Powstaniu zgin\u0119\u0142o 15 cz\u0119stochowian, a ponad 100 zosta\u0142o rannych.<br \/>W ramach obchod\u00f3w stulecia III Powstania \u015al\u0105skiego (2021) w Cz\u0119stochowie m.in. przeprowadzono akcj\u0119 sadzenia \u201eD\u0119b\u00f3w Pami\u0119ci\u201d powsta\u0144c\u00f3w \u015bl\u0105skich przy ponad 40 cz\u0119stochowskich przedszkolach. Ka\u017cde drzewko otrzyma\u0142o certyfikat za\u015bwiadczaj\u0105cy, \u017ce jest ono uhonorowaniem pami\u0119ci cz\u0119stochowianina, zaanga\u017cowanego w dzia\u0142ania powsta\u0144cze.<\/p>\n\n\n\n<p>3 maja 1791 roku Sejm Wielki uchwali\u0142 historycznie pierwsz\u0105 konstytucj\u0119 w nowo\u017cytnej Europie, a drug\u0105 &#8211; po ameryka\u0144skiej &#8211; na \u015bwiecie. \u015awi\u0119to Narodowe Trzeciego Maja ustanowiono w 1919, w rocznic\u0119 uchwalenia Konstytucji Rzeczypospolitej Obojga Narod\u00f3w. Po II wojnie \u015bwiatowej \u015awi\u0119to 3 Maja zosta\u0142o zniesione przez \u00f3wczesne w\u0142adze, przywr\u00f3cono je w 1990 roku.<br \/>Centralne uroczysto\u015bci \u015awi\u0119ta Narodowego 3 Maja odb\u0119d\u0105 si\u0119 na placu Zamkowym oraz placu Pi\u0142sudskiego w Warszawie. W Cz\u0119stochowie na Jasnej G\u00f3rze wieczorny apel jasnog\u00f3rski (o godz. 21) b\u0119dzie tradycyjnie po\u015bwi\u0119cony upami\u0119tnieniu \u015awi\u0119ta Konstytucji 3 Maja. W uroczysto\u015bci organizowanej przez Jednostk\u0119 Wojskow\u0105 Komandos\u00f3w z Lubli\u0144ca wezm\u0105 udzia\u0142 tak\u017ce przedstawiciele w\u0142adz miasta oraz poczet sztandarowy Miasta Cz\u0119stochowy.<\/p>\n\n\n\n<p>W czasie majowych \u015bwi\u0105t m.in. na placach \u2014 Biega\u0144skiego, Pami\u0119ci Narodowej i Orl\u0105t Lwowskich, przy budynkach Urz\u0119du Miasta oraz w wielu innych miejscach b\u0119d\u0105 wisia\u0142y flagi pa\u0144stwowe.<\/p>\n\n\n\n<p>Info za: UM Cz\u0119stochowa<\/p>\n","protected":false},"excerpt":{"rendered":"<p>Przed nami maj\u00f3wka &#8211; czas grillowania, ale i kilku wa\u017cnych \u015bwi\u0105t. Z tej okazji cz\u0119stochowski magistrat przedstawi\u0142 program uroczysto\u015bci. Przypomnijmy, 1 maja&#8230;<\/p>\n","protected":false},"author":3,"featured_media":1826,"comment_status":"open","ping_status":"open","sticky":false,"template":"","format":"standard","meta":[],"categories":[4],"tags":[],"jetpack_featured_media_url":"https:\/\/ospc.com.pl\/wp-content\/uploads\/2025\/05\/ben-kupke-sGCMt0tjkBU-unsplash-scaled.jpg","_links":{"self":[{"href":"https:\/\/ospc.com.pl\/index.php\/wp-json\/wp\/v2\/posts\/1825"}],"collection":[{"href":"https:\/\/ospc.com.pl\/index.php\/wp-json\/wp\/v2\/posts"}],"about":[{"href":"https:\/\/ospc.com.pl\/index.php\/wp-json\/wp\/v2\/types\/post"}],"author":[{"embeddable":true,"href":"https:\/\/ospc.com.pl\/index.php\/wp-json\/wp\/v2\/users\/3"}],"replies":[{"embeddable":true,"href":"https:\/\/ospc.com.pl\/index.php\/wp-json\/wp\/v2\/comments?post=1825"}],"version-history":[{"count":1,"href":"https:\/\/ospc.com.pl\/index.php\/wp-json\/wp\/v2\/posts\/1825\/revisions"}],"predecessor-version":[{"id":1827,"href":"https:\/\/ospc.com.pl\/index.php\/wp-json\/wp\/v2\/posts\/1825\/revisions\/1827"}],"wp:featuredmedia":[{"embeddable":true,"href":"https:\/\/ospc.com.pl\/index.php\/wp-json\/wp\/v2\/media\/1826"}],"wp:attachment":[{"href":"https:\/\/ospc.com.pl\/index.php\/wp-json\/wp\/v2\/media?parent=1825"}],"wp:term":[{"taxonomy":"category","embeddable":true,"href":"https:\/\/ospc.com.pl\/index.php\/wp-json\/wp\/v2\/categories?post=1825"},{"taxonomy":"post_tag","embeddable":true,"href":"https:\/\/ospc.com.pl\/index.php\/wp-json\/wp\/v2\/tags?post=1825"}],"curies":[{"name":"wp","href":"https:\/\/api.w.org\/{rel}","templated":true}]}}