{"id":1828,"date":"2025-04-25T23:10:00","date_gmt":"2025-04-25T21:10:00","guid":{"rendered":"http:\/\/ospc.com.pl\/?p=1828"},"modified":"2025-05-03T23:24:52","modified_gmt":"2025-05-03T21:24:52","slug":"marsz-nadziei-przeszedl-ulicami-czestochowy","status":"publish","type":"post","link":"https:\/\/ospc.com.pl\/index.php\/2025\/04\/25\/marsz-nadziei-przeszedl-ulicami-czestochowy\/","title":{"rendered":"Marsz Nadziei przeszed\u0142 ulicami Cz\u0119stochowy"},"content":{"rendered":"\n<p>Takie inicjatywy wspieramy zawsze ca\u0142ym sercem i ch\u0119tnie o nich m\u00f3wimy. Teraz przypominamy akcj\u0119, o kt\u00f3rej warto m\u00f3wi\u0107 g\u0142o\u015bno. Chodzi o Marsz Nadziei, kt\u00f3ry przeszed\u0142 ulicami Cz\u0119stochowy. To ju\u017c tradycja, kt\u00f3r\u0105 co roku podtrzymuje Stowarzyszenie Opieki Hospicyjnej Ziemi Cz\u0119stochowskiej.<\/p>\n\n\n\n<p>O marszu informuje tak\u017ce cz\u0119stochowski magistrat. Biuro prasowe poinformowa\u0142o, \u017ce marsz zgromadzi\u0142 przede wszystkim bardzo wielu m\u0142odych i bardzo m\u0142odych uczestniczek i uczestnik\u00f3w, kt\u00f3rzy zebrali si\u0119 na placu Daszy\u0144skiego, aby przej\u015b\u0107 przez ca\u0142e ,,Aleje\u201d a\u017c na jasnog\u00f3rskie wzg\u00f3rze. Marsz Nadziei organizowany jest corocznie przez Stowarzyszenie Opieki Hospicyjnej Ziemi Cz\u0119stochowskiej \u2013 z jej prezesk\u0105 Ann\u0105 Kaptacz \u2013 w ramach kampanii Pola Nadziei. W tegorocznym marszu poszli m.in. nauczyciele, przedstawiciele pos\u0142\u00f3w na Sejm RP i do Parlamentu Europejskiego; by\u0142 te\u017c duszpasterz s\u0142u\u017cby zdrowia archidiecezji cz\u0119stochowskiej ks. Grzegorz Borowik. W imieniu miejskich w\u0142adz samorz\u0105dowych w marszu wzi\u0105\u0142 udzia\u0142 zast\u0119pca prezydenta Cz\u0119stochowy \u0141ukasz Pabi\u015b.<\/p>\n\n\n\n<p>Marsz jest symbolicznym wyrazem solidarno\u015bci ze zmagaj\u0105cymi si\u0119 z chorob\u0105 nowotworow\u0105 pacjentkami i pacjentami przebywaj\u0105cymi czy to w swoich domach, czy w stacjonarnych oddzia\u0142ach opieki paliatywnej &#8211; czytamy. Spe\u0142nia te\u017c ogromnie wa\u017cn\u0105 rol\u0119 edukacyjn\u0105 w\u015br\u00f3d m\u0142odych, kt\u00f3rzy dowiaduj\u0105 si\u0119 np. czym w\u0142a\u015bciwie jest opieka paliatywna. Dzieci i m\u0142odzie\u017c ju\u017c przynajmniej na kilkana\u015bcie dni przed corocznym marszem przygotowuj\u0105 si\u0119 do marszu w szko\u0142ach, wykonuj\u0105c m.in. \u017c\u00f3\u0142te \u017conkile. Kwiat ten jest og\u00f3lno\u015bwiatowym symbolem nadziei dla ludzi ci\u0119\u017cko i nieuleczalnie chorych. Symbolizuje r\u00f3wnie\u017c zwyci\u0119stwo mi\u0142o\u015bci nad \u015bmierci\u0105, oddania drugiemu cz\u0142owiekowi nad egoizmem. \u017b\u00f3\u0142ty kolor dominowa\u0142 zatem \u2013 w postaci dziesi\u0105tek kwiat\u00f3w i balon\u00f3w niesionych przez maszeruj\u0105cych. Byli te\u017c szczudlarze, \u017c\u00f3\u0142ty ,,ma\u0142y Fiat&#8221;, oprawa muzyczna; wybierano r\u00f3wnie\u017c najciekawiej przebran\u0105 grup\u0119 uczestnik\u00f3w.<\/p>\n\n\n\n<p>Kampania Pola Nadziei \u2013 kt\u00f3rej cz\u0119\u015bci\u0105 s\u0105 m.in. marsze takie, jak cz\u0119stochowski \u2013 to og\u00f3lno\u015bwiatowa akcja zbierania funduszy dla ludzi obj\u0119tych opiek\u0105 hospicyjn\u0105. Zainicjowa\u0142a j\u0105 w 1997 roku organizacja Marie Curie Cancer Care (MCCC) w Wielkiej Brytanii. Symbolem akcji jest kwiat \u017conkila. W kampanii mo\u017ce uczestniczy\u0107 ka\u017cdy, m.in. poprzez kwesty, udzia\u0142 w wolontariacie hospicyjnym czy przekazanie 1,5% podatku na rzecz podmiot\u00f3w zajmuj\u0105cych si\u0119 opiek\u0105 hospicyjn\u0105. Edukacyjny walor kampanii jest nie do przecenienia \u2013 anga\u017cuj\u0105ce si\u0119 w ni\u0105 szko\u0142y, instytucje, firmy i inne podmioty pomagaj\u0105 wprowadzi\u0107 tematyk\u0119 hospicyjn\u0105 do centrum \u017cycia publicznego i oswaja\u0107 z ni\u0105 zwyk\u0142ych ludzi.<\/p>\n\n\n\n<p>Cz\u0119stochowska ods\u0142ona kampanii b\u0119dzie mia\u0142a sw\u00f3j fina\u0142 31 maja na pikniku rodzinnym w ogrodzie cz\u0119stochowskiego Hospicjum przy ul. Krakowskiej 45a.<\/p>\n\n\n\n<p>Info i foto za: UM Cz\u0119stochowy<\/p>\n","protected":false},"excerpt":{"rendered":"<p>Takie inicjatywy wspieramy zawsze ca\u0142ym sercem i ch\u0119tnie o nich m\u00f3wimy. Teraz przypominamy akcj\u0119, o kt\u00f3rej warto m\u00f3wi\u0107 g\u0142o\u015bno. Chodzi o Marsz&#8230;<\/p>\n","protected":false},"author":3,"featured_media":1829,"comment_status":"open","ping_status":"open","sticky":false,"template":"","format":"standard","meta":[],"categories":[4],"tags":[],"jetpack_featured_media_url":"https:\/\/ospc.com.pl\/wp-content\/uploads\/2025\/05\/81665-scaled.jpg","_links":{"self":[{"href":"https:\/\/ospc.com.pl\/index.php\/wp-json\/wp\/v2\/posts\/1828"}],"collection":[{"href":"https:\/\/ospc.com.pl\/index.php\/wp-json\/wp\/v2\/posts"}],"about":[{"href":"https:\/\/ospc.com.pl\/index.php\/wp-json\/wp\/v2\/types\/post"}],"author":[{"embeddable":true,"href":"https:\/\/ospc.com.pl\/index.php\/wp-json\/wp\/v2\/users\/3"}],"replies":[{"embeddable":true,"href":"https:\/\/ospc.com.pl\/index.php\/wp-json\/wp\/v2\/comments?post=1828"}],"version-history":[{"count":1,"href":"https:\/\/ospc.com.pl\/index.php\/wp-json\/wp\/v2\/posts\/1828\/revisions"}],"predecessor-version":[{"id":1830,"href":"https:\/\/ospc.com.pl\/index.php\/wp-json\/wp\/v2\/posts\/1828\/revisions\/1830"}],"wp:featuredmedia":[{"embeddable":true,"href":"https:\/\/ospc.com.pl\/index.php\/wp-json\/wp\/v2\/media\/1829"}],"wp:attachment":[{"href":"https:\/\/ospc.com.pl\/index.php\/wp-json\/wp\/v2\/media?parent=1828"}],"wp:term":[{"taxonomy":"category","embeddable":true,"href":"https:\/\/ospc.com.pl\/index.php\/wp-json\/wp\/v2\/categories?post=1828"},{"taxonomy":"post_tag","embeddable":true,"href":"https:\/\/ospc.com.pl\/index.php\/wp-json\/wp\/v2\/tags?post=1828"}],"curies":[{"name":"wp","href":"https:\/\/api.w.org\/{rel}","templated":true}]}}