{"id":1841,"date":"2024-11-08T01:37:00","date_gmt":"2024-11-08T00:37:00","guid":{"rendered":"http:\/\/ospc.com.pl\/?p=1841"},"modified":"2025-05-04T01:39:56","modified_gmt":"2025-05-03T23:39:56","slug":"pobiegnij-by-swietowac-niepodleglosc","status":"publish","type":"post","link":"https:\/\/ospc.com.pl\/index.php\/2024\/11\/08\/pobiegnij-by-swietowac-niepodleglosc\/","title":{"rendered":"Pobiegnij by \u015bwi\u0119towa\u0107 niepod\u0142eg\u0142o\u015b\u0107"},"content":{"rendered":"\n<p>Ju\u017c nied\u0142ugo 11 listopada &#8211; Dzie\u0144 Niepodleg\u0142o\u015bci. Form na jego \u015bwi\u0119towanie jest wiele. Jedn\u0105 z nich w\u0142a\u015bnie zaproponowa\u0142o Stowarzyszenie ,,Zabiegani Cz\u0119stochowa\u2019\u2019, kt\u00f3re zaprasza do wzi\u0119cia udzia\u0142u w niepodleg\u0142o\u015bciowym biegu sztafetowym, by wsp\u00f3lnie \u015bwi\u0119towa\u0107 106. rocznic\u0119 odzyskania przez Polsk\u0119 niepodleg\u0142o\u015bci.<\/p>\n\n\n\n<p>Stowarzyszenie Klub Ludzi Aktywnych ,,Zabiegani Cz\u0119stochowa\u2019\u2019 w poniedzia\u0142ek 11 listopada zaprasza na wsp\u00f3lny bieg sztafetowy, kt\u00f3ry tradycyjnie rozpocznie si\u0119 o \u015bwicie, tj. o godzinie 6:53, a zako\u0144czy wraz z zachodem s\u0142o\u0144ca o 16:02. Trening ,,Od \u015bwitu do zmierzchu\u2019\u2019 odb\u0119dzie si\u0119 na terenie Promenady im. Czes\u0142awa Niemena i Lasku Anio\u0142owskiego &#8211; czytamy w komunikacie UM. <\/p>\n\n\n\n<p>Sztafety biegaczy ubranych w barwy narodowe wyrusza\u0107 b\u0119d\u0105 na tras\u0119 co p\u00f3\u0142 godziny, by po pokonaniu 5 km trasy wr\u00f3ci\u0107 do bazy, odpocz\u0105\u0107 i pobiec ponownie. Ka\u017cd\u0105 sztafet\u0119 prowadzi\u0107 b\u0119dzie biegacz trzymaj\u0105cy w d\u0142oni flag\u0119 narodow\u0105, kt\u00f3r\u0105 b\u0119dzie przekazywa\u0142 kolejnej sztafecie. Do udzia\u0142u mog\u0105 w\u0142\u0105czy\u0107 si\u0119 r\u00f3wnie\u017c osoby, kt\u00f3re b\u0119d\u0105 spacerowa\u0107 po wyznaczonej trasie. Nie ma ogranicze\u0144 wiekowych. Je\u015bli kto\u015b potrzebuje wi\u0119cej czasu na pokonanie wyznaczonego dystansu, b\u0119dzie m\u00f3g\u0142 biec we w\u0142asnym tempie.<\/p>\n\n\n\n<p>Ide\u0105 tego spotkania jest, by na trasie ca\u0142y czas byli uczestnicy, kt\u00f3rzy zapewni\u0105 ci\u0105g\u0142o\u015b\u0107 niepodleg\u0142o\u015bciowej sztafety w zaplanowanych godzinach. Wi\u0119cej informacji na temat biegu i stowarzyszenia znajduje si\u0119 na ich profilu FB.<\/p>\n\n\n\n<p>Info i foto za: UM Cz\u0119stochowa<\/p>\n","protected":false},"excerpt":{"rendered":"<p>Ju\u017c nied\u0142ugo 11 listopada &#8211; Dzie\u0144 Niepodleg\u0142o\u015bci. Form na jego \u015bwi\u0119towanie jest wiele. Jedn\u0105 z nich w\u0142a\u015bnie zaproponowa\u0142o Stowarzyszenie ,,Zabiegani Cz\u0119stochowa\u2019\u2019, kt\u00f3re&#8230;<\/p>\n","protected":false},"author":3,"featured_media":1842,"comment_status":"open","ping_status":"open","sticky":false,"template":"","format":"standard","meta":[],"categories":[4],"tags":[],"jetpack_featured_media_url":"https:\/\/ospc.com.pl\/wp-content\/uploads\/2025\/05\/78688.jpg","_links":{"self":[{"href":"https:\/\/ospc.com.pl\/index.php\/wp-json\/wp\/v2\/posts\/1841"}],"collection":[{"href":"https:\/\/ospc.com.pl\/index.php\/wp-json\/wp\/v2\/posts"}],"about":[{"href":"https:\/\/ospc.com.pl\/index.php\/wp-json\/wp\/v2\/types\/post"}],"author":[{"embeddable":true,"href":"https:\/\/ospc.com.pl\/index.php\/wp-json\/wp\/v2\/users\/3"}],"replies":[{"embeddable":true,"href":"https:\/\/ospc.com.pl\/index.php\/wp-json\/wp\/v2\/comments?post=1841"}],"version-history":[{"count":1,"href":"https:\/\/ospc.com.pl\/index.php\/wp-json\/wp\/v2\/posts\/1841\/revisions"}],"predecessor-version":[{"id":1843,"href":"https:\/\/ospc.com.pl\/index.php\/wp-json\/wp\/v2\/posts\/1841\/revisions\/1843"}],"wp:featuredmedia":[{"embeddable":true,"href":"https:\/\/ospc.com.pl\/index.php\/wp-json\/wp\/v2\/media\/1842"}],"wp:attachment":[{"href":"https:\/\/ospc.com.pl\/index.php\/wp-json\/wp\/v2\/media?parent=1841"}],"wp:term":[{"taxonomy":"category","embeddable":true,"href":"https:\/\/ospc.com.pl\/index.php\/wp-json\/wp\/v2\/categories?post=1841"},{"taxonomy":"post_tag","embeddable":true,"href":"https:\/\/ospc.com.pl\/index.php\/wp-json\/wp\/v2\/tags?post=1841"}],"curies":[{"name":"wp","href":"https:\/\/api.w.org\/{rel}","templated":true}]}}