{"id":1853,"date":"2024-11-02T02:00:00","date_gmt":"2024-11-02T01:00:00","guid":{"rendered":"http:\/\/ospc.com.pl\/?p=1853"},"modified":"2025-05-04T02:03:31","modified_gmt":"2025-05-04T00:03:31","slug":"czas-zadumy","status":"publish","type":"post","link":"https:\/\/ospc.com.pl\/index.php\/2024\/11\/02\/czas-zadumy\/","title":{"rendered":"Czas zadumy"},"content":{"rendered":"\n<p><em>Prze\u0142om pa\u017adziernika i listopada to czas zadumy i refleksji zar\u00f3wno o bliskich, jak i osobach, kt\u00f3re na sta\u0142e wpisa\u0142y si\u0119 w histori\u0119 naszego miasta<\/em>. Przed 1 listopada przedstawiciele miejskich szk\u00f3\u0142 odwiedzali miejsca pami\u0119ci i groby na cz\u0119stochowskich cmentarzach.<\/p>\n\n\n\n<p>Jak co roku naczelnik Wydzia\u0142u Edukacji wraz z dyrektorami szk\u00f3\u0142 realizuj\u0105cych szkolenie wojskowe, z\u0142o\u017cyli kwiaty na Placu Katy\u0144skim w Cz\u0119stochowie. Miejsce to powsta\u0142o w 2010 r. z okazji obchod\u00f3w 70. rocznicy zbrodni katy\u0144skiej dokonanej przez NKWD wiosn\u0105 1940 roku. Jego utworzenie w Cz\u0119stochowie by\u0142o cz\u0119\u015bci\u0105 projektu \u201eKATY\u0143\u2026 OCALI\u0106 OD ZAPOMNIENIA\u201d.<\/p>\n\n\n\n<p>Uczniowie i nauczyciele cz\u0119stochowskich szk\u00f3\u0142 i plac\u00f3wek o\u015bwiatowych tak\u017ce odwiedzali groby oraz miejsca pami\u0119ci. Jest to ka\u017cdorazowo lekcja szacunku, empatii i historii oraz element edukacji regionalnej.<\/p>\n\n\n\n<p>Kultywuj\u0105c coroczn\u0105 tradycj\u0119 spo\u0142eczno\u015b\u0107 Szko\u0142y Podstawowej nr 46 im. Stefana \u017beromskiego zapali\u0142a znicze pod pami\u0105tkow\u0105 tablic\u0105 po\u015bwi\u0119con\u0105 p. Weronice Pluci\u0144skiej &#8211; nauczycielce zamordowanej przez hitlerowc\u00f3w.<\/p>\n\n\n\n<p>Przedstawiciele Szko\u0142y Podstawowej nr 24 im. Jana Marcina Szancera porz\u0105dkowali groby pomordowanych w Obozie Koncentracyjnym w Dachau oraz groby pomordowanych w Lesie Jaskrowskim oddaj\u0105c im cze\u015b\u0107 i okazuj\u0105c swoj\u0105 pami\u0119\u0107.<\/p>\n\n\n\n<p>Uczniowie Szko\u0142y Podstawowej nr 15 im. Polskich Noblist\u00f3w jak co roku odbyli podr\u00f3\u017c do przesz\u0142o\u015bci. Pami\u0119taj\u0105c o naszych bohaterach odwiedzili cmentarze na Stradomiu i Rakowie, aby odda\u0107 ho\u0142d W\u0142adys\u0142awowi Adamusowi \u2013 \u017co\u0142nierzowi spod Monte Cassino oraz Romanowi Zychowi kawalerowi orderu Virtuti Militari z czas\u00f3w wojny polsko-bolszewickiej. Wa\u017cnym miejscem by\u0142o tak\u017ce miejsce spoczynku by\u0142ego dyrektora szko\u0142y pana Mariana Abramowicza.<\/p>\n\n\n\n<p>Wolontariusze z Zespo\u0142u Szkolno \u2013 Przedszkolnego nr 4 podj\u0119li inicjatyw\u0119 posprz\u0105tania grob\u00f3w &#8211; na Cmentarzu Kule &#8211; poleg\u0142ych \u017co\u0142nierzy, kt\u00f3rzy oddali \u017cycie w obronie Ojczyzny. Ponadto wolontariusze wyczy\u015bcili p\u0142yt\u0119 nagrobn\u0105 W\u0142adys\u0142awa Biega\u0144skiego &#8211; lekarza, kt\u00f3ry zas\u0142u\u017cy\u0142 si\u0119 wielce dla naszego miasta.<\/p>\n\n\n\n<p>W ostatnim tygodniu pa\u017adziernika uczniowie Szko\u0142y Podstawowej nr 11 im. Marii D\u0105browskiej odwiedzali groby na cmentarzu w Gnaszynie, zosta\u0142a przez nich umyta i uporz\u0105dkowana mogi\u0142a pilot\u00f3w &#8211; lotnik\u00f3w 22. Eskadry Bombowej.<\/p>\n\n\n\n<p>Natomiast Szko\u0142a Podstawowa nr 9 im. Adama Mickiewicza opiekuje si\u0119 pomnikiem upami\u0119tniaj\u0105cym komendant\u00f3w i harcerzy &#8222;Szarych Szereg\u00f3w&#8221; Samodzielnego Hufca ZHP R\u00f3j ,,Obraz&#8221;.<\/p>\n\n\n\n<p>Spo\u0142eczno\u015b\u0107 Zespo\u0142u Szk\u00f3\u0142 Specjalnych Nr 28 uczci\u0142a pami\u0119\u0107 bohater\u00f3w narodowych sk\u0142adaj\u0105c kwiaty pod pomnikiem J\u00f3zefa Pi\u0142sudskiego oraz pod pomnikiem \u201eNieznanego \u017bo\u0142nierza\u201d.<\/p>\n\n\n\n<p>Uczniowie Szko\u0142y Podstawowej nr 22 im. Gabriela Narutowicza odwiedzili miejsca pami\u0119ci w Cz\u0119stochowie, aby lepiej pozna\u0107 histori\u0119 miasta oraz zrozumie\u0107 wydarzenia, kt\u00f3re ukszta\u0142towa\u0142y jego to\u017csamo\u015b\u0107. Pami\u0119tali o szkolnym bohaterze Stanis\u0142awie Rumianku, kt\u00f3ry pe\u0142ni\u0142 funkcj\u0119 pierwszego kierownika szko\u0142y, odwiedzili po\u015bwi\u0119con\u0105 Jego pami\u0119ci tablic\u0119 w miejscu \u201eD\u0119by Katy\u0144skie\u201d, zapalili znicze przed p\u0142yt\u0105 upami\u0119tniaj\u0105c\u0105 cz\u0119stochowian zamordowanych w Katyniu, upami\u0119tnili mieszka\u0144c\u00f3w Cz\u0119stochowy zamordowanych w pierwszych dniach II wojny \u015bwiatowej, kt\u00f3rzy stracili \u017cycie w trakcie hitlerowskiej akcji, kt\u00f3ra zapisa\u0142a si\u0119 na kartach historii jako \u201eKrwawy poniedzia\u0142ek\u201d.<\/p>\n\n\n\n<p>Centrum Kszta\u0142cenia Zawodowego i Ustawicznego organizuje r\u00f3\u017cnorodne inicjatywy, kt\u00f3re pozwalaj\u0105 uczniom oraz pracownikom uczci\u0107 pami\u0119\u0107 zmar\u0142ych nauczycieli. Pami\u0119\u0107 o zmar\u0142ych pedagogach jest przede wszystkim form\u0105 uznania dla ich pracy i wk\u0142adu w edukacj\u0119 pokole\u0144.<\/p>\n\n\n\n<p>Jak co roku uczniowie Zespo\u0142u Szk\u00f3\u0142 Gastronomicznych im. Marii Sk\u0142odowskiej \u2013 Curie odwiedzili groby weteran\u00f3w powstania styczniowego: J\u00f3zefa Leszczy\u0144skiego i Jana Go\u0142akowskiego na cmentarzu Kule. M\u0142odzie\u017c uporz\u0105dkowa\u0142a groby, wygrabi\u0142a li\u015bcie oraz zapali\u0142a znicze.<\/p>\n\n\n\n<p>Uczniowie Zespo\u0142u Szk\u00f3\u0142 Specjalnych nr 23 im. Janusza Korczaka odwiedzili groby zas\u0142u\u017conych cz\u0119stochowian, harcerzy oraz zmar\u0142ych pracownik\u00f3w szko\u0142y. Odwiedzili r\u00f3wnie\u017c Cmentarz \u017bydowski.<\/p>\n\n\n\n<p>Spo\u0142eczno\u015b\u0107 Szko\u0142y Podstawowej nr 2 im. K. K. Baczy\u0144skiego opiekuje si\u0119 grobem kapitana Henryka Ihnatowicza, dow\u00f3dcy 7. Dywizji oraz dwoma grobami \u017bo\u0142nierzy Nieznanych. Symboliczny znicz jako wyraz pami\u0119ci zosta\u0142 zapalony r\u00f3wnie\u017c na grobach \u017bo\u0142nierzy Wykl\u0119tych z regionu Cz\u0119stochowy, Prezydenta Cz\u0119stochowy Piotra Wnorowskiego w latach 1879-1902, pod tablic\u0105 ofiar Katynia, Charkowa i Miednoje oraz na grobach zmar\u0142ych nauczycieli szko\u0142y.<\/p>\n\n\n\n<p>Info i foto za: UM Cz\u0119stochowa<\/p>\n","protected":false},"excerpt":{"rendered":"<p>Prze\u0142om pa\u017adziernika i listopada to czas zadumy i refleksji zar\u00f3wno o bliskich, jak i osobach, kt\u00f3re na sta\u0142e wpisa\u0142y si\u0119 w histori\u0119&#8230;<\/p>\n","protected":false},"author":3,"featured_media":1854,"comment_status":"open","ping_status":"open","sticky":false,"template":"","format":"standard","meta":[],"categories":[4],"tags":[],"jetpack_featured_media_url":"https:\/\/ospc.com.pl\/wp-content\/uploads\/2025\/05\/78615.jpeg","_links":{"self":[{"href":"https:\/\/ospc.com.pl\/index.php\/wp-json\/wp\/v2\/posts\/1853"}],"collection":[{"href":"https:\/\/ospc.com.pl\/index.php\/wp-json\/wp\/v2\/posts"}],"about":[{"href":"https:\/\/ospc.com.pl\/index.php\/wp-json\/wp\/v2\/types\/post"}],"author":[{"embeddable":true,"href":"https:\/\/ospc.com.pl\/index.php\/wp-json\/wp\/v2\/users\/3"}],"replies":[{"embeddable":true,"href":"https:\/\/ospc.com.pl\/index.php\/wp-json\/wp\/v2\/comments?post=1853"}],"version-history":[{"count":1,"href":"https:\/\/ospc.com.pl\/index.php\/wp-json\/wp\/v2\/posts\/1853\/revisions"}],"predecessor-version":[{"id":1855,"href":"https:\/\/ospc.com.pl\/index.php\/wp-json\/wp\/v2\/posts\/1853\/revisions\/1855"}],"wp:featuredmedia":[{"embeddable":true,"href":"https:\/\/ospc.com.pl\/index.php\/wp-json\/wp\/v2\/media\/1854"}],"wp:attachment":[{"href":"https:\/\/ospc.com.pl\/index.php\/wp-json\/wp\/v2\/media?parent=1853"}],"wp:term":[{"taxonomy":"category","embeddable":true,"href":"https:\/\/ospc.com.pl\/index.php\/wp-json\/wp\/v2\/categories?post=1853"},{"taxonomy":"post_tag","embeddable":true,"href":"https:\/\/ospc.com.pl\/index.php\/wp-json\/wp\/v2\/tags?post=1853"}],"curies":[{"name":"wp","href":"https:\/\/api.w.org\/{rel}","templated":true}]}}