{"id":1865,"date":"2024-11-12T02:17:00","date_gmt":"2024-11-12T01:17:00","guid":{"rendered":"http:\/\/ospc.com.pl\/?p=1865"},"modified":"2025-05-04T02:19:16","modified_gmt":"2025-05-04T00:19:16","slug":"nowe-samochody-w-czestochowskich-sluzbach","status":"publish","type":"post","link":"https:\/\/ospc.com.pl\/index.php\/2024\/11\/12\/nowe-samochody-w-czestochowskich-sluzbach\/","title":{"rendered":"Nowe samochody w cz\u0119stochowskich s\u0142u\u017cbach"},"content":{"rendered":"\n<p>Nowe samochody pojawi\u0142y si\u0119 w cz\u0119stochowskich s\u0142u\u017cbach. W centrum miasta odby\u0142a si\u0119 oficjalna prezentacja. Te dwa samochody b\u0119d\u0105 wykorzystywane przez Stra\u017c Miejsk\u0105 oraz przez Wydzia\u0142 Bezpiecze\u0144stwa i Zarz\u0105dzania Kryzysowego UM.<\/p>\n\n\n\n<p>Pierwszy z pojazd\u00f3w &#8211; nowy, oznakowany samoch\u00f3d interwencyjno-patrolowy &#8211; zosta\u0142 zakupiony ze \u015brodk\u00f3w Urz\u0119du Miasta za 151 tys. z\u0142 i trafi do Komendy Stra\u017cy Miejskiej. Dacia pomo\u017ce sprawniej reagowa\u0107 na zdarzenia, m.in. te kt\u00f3re znalaz\u0142y si\u0119 w oku monitoringu miejskiego. W ostatnich pi\u0119ciu latach uda\u0142o si\u0119 dla Stra\u017cy Miejskiej zakupi\u0107 5 fabrycznie nowych pojazd\u00f3w (w tym jedno auto elektryczne oraz dwa samochody umo\u017cliwiaj\u0105ce przewo\u017cenie os\u00f3b zatrzymanych), a tak\u017ce pozyska\u0107 z jednostek miejskich trzy pojazdy u\u017cywane. Po doposa\u017ceniu w nowy samoch\u00f3d cz\u0119stochowska Stra\u017c Miejska b\u0119dzie dysponowa\u0107 \u0142\u0105cznie dziewi\u0119cioma autami.<\/p>\n\n\n\n<p>Drugi samoch\u00f3d kosztowa\u0142 blisko 140 tys. z\u0142 i jako pojazd zeroemisyjny poprawia wska\u017aniki miejskiej elektromobilno\u015bci. Jednocze\u015bnie dotychczasowy &#8222;elektryk&#8221; wydzia\u0142u \u2013 dacia spring \u2013 zosta\u0142 przekazany Wydzia\u0142owi In\u017cynierii Miejskiej i Kontroli UM.<\/p>\n\n\n\n<p>Nowe pojazdy maj\u0105 poprawia\u0107 efektywno\u015b\u0107 i sprawno\u015b\u0107 dzia\u0142ania miejskich s\u0142u\u017cb.<\/p>\n\n\n\n<p>Dodajmy, \u017ce u\u017cytkowanie mazdy MX 30 jest przyjazne dla \u015brodowiska naturalnego. W koszt zakupu zosta\u0142y wliczone tak\u017ce trzy kolejne przegl\u0105dy eksploatacyjne oraz dodatkowe wyposa\u017cenie.<\/p>\n\n\n\n<p>Nowa dacia duster JOURNEY HYBRID 140 zosta\u0142a dostosowana do potrzeb pracy stra\u017cnik\u00f3w &#8211; zamontowano sygnalizacj\u0119 uprzywilejowania samochodu w ruchu drogowym i radiotelefon przewo\u017any i instalacj\u0119 antenow\u0105. Oczywi\u015bcie oznakowano auto. Nowy pojazd b\u0119dzie wykorzystywany m.in. do:<\/p>\n\n\n\n<ul><li>szybkiego reagowania na telefoniczne zg\u0142oszenia od mieszkanek i mieszka\u0144c\u00f3w oraz patrolowania ulic miasta, w tym obserwowania punkt\u00f3w niebezpiecznych i zagro\u017conych<\/li><li>podejmowania interwencji z miejskiego monitoringu wizyjnego Cz\u0119stochowy;<\/li><li>zabezpieczania imprez miejskich, imprez masowych oraz innych wydarze\u0144 plenerowych. <\/li><\/ul>\n\n\n\n<p>Info i foto za: UM Cz\u0119stochowa<\/p>\n","protected":false},"excerpt":{"rendered":"<p>Nowe samochody pojawi\u0142y si\u0119 w cz\u0119stochowskich s\u0142u\u017cbach. W centrum miasta odby\u0142a si\u0119 oficjalna prezentacja. Te dwa samochody b\u0119d\u0105 wykorzystywane przez Stra\u017c Miejsk\u0105&#8230;<\/p>\n","protected":false},"author":3,"featured_media":1866,"comment_status":"open","ping_status":"open","sticky":false,"template":"","format":"standard","meta":[],"categories":[4],"tags":[],"jetpack_featured_media_url":"https:\/\/ospc.com.pl\/wp-content\/uploads\/2025\/05\/78799.jpg","_links":{"self":[{"href":"https:\/\/ospc.com.pl\/index.php\/wp-json\/wp\/v2\/posts\/1865"}],"collection":[{"href":"https:\/\/ospc.com.pl\/index.php\/wp-json\/wp\/v2\/posts"}],"about":[{"href":"https:\/\/ospc.com.pl\/index.php\/wp-json\/wp\/v2\/types\/post"}],"author":[{"embeddable":true,"href":"https:\/\/ospc.com.pl\/index.php\/wp-json\/wp\/v2\/users\/3"}],"replies":[{"embeddable":true,"href":"https:\/\/ospc.com.pl\/index.php\/wp-json\/wp\/v2\/comments?post=1865"}],"version-history":[{"count":1,"href":"https:\/\/ospc.com.pl\/index.php\/wp-json\/wp\/v2\/posts\/1865\/revisions"}],"predecessor-version":[{"id":1867,"href":"https:\/\/ospc.com.pl\/index.php\/wp-json\/wp\/v2\/posts\/1865\/revisions\/1867"}],"wp:featuredmedia":[{"embeddable":true,"href":"https:\/\/ospc.com.pl\/index.php\/wp-json\/wp\/v2\/media\/1866"}],"wp:attachment":[{"href":"https:\/\/ospc.com.pl\/index.php\/wp-json\/wp\/v2\/media?parent=1865"}],"wp:term":[{"taxonomy":"category","embeddable":true,"href":"https:\/\/ospc.com.pl\/index.php\/wp-json\/wp\/v2\/categories?post=1865"},{"taxonomy":"post_tag","embeddable":true,"href":"https:\/\/ospc.com.pl\/index.php\/wp-json\/wp\/v2\/tags?post=1865"}],"curies":[{"name":"wp","href":"https:\/\/api.w.org\/{rel}","templated":true}]}}