{"id":1870,"date":"2024-11-13T03:12:00","date_gmt":"2024-11-13T02:12:00","guid":{"rendered":"http:\/\/ospc.com.pl\/?p=1870"},"modified":"2025-05-08T03:15:04","modified_gmt":"2025-05-08T01:15:04","slug":"rok-czeslawa-milosza","status":"publish","type":"post","link":"https:\/\/ospc.com.pl\/index.php\/2024\/11\/13\/rok-czeslawa-milosza\/","title":{"rendered":"Rok Czes\u0142awa Mi\u0142osza"},"content":{"rendered":"\n<p>Rok 2024 zosta\u0142 og\u0142oszony rokiem Czes\u0142awa Mi\u0142osza. W obchody w\u0142\u0105cza si\u0119 tak\u017ce Cz\u0119stochowa. Organizuje wi\u0119c imprez\u0119 literack\u0105,  kt\u00f3ra b\u0119dzie odbywa\u0142a si\u0119 pomi\u0119dzy 14 a 16 listopada br.<\/p>\n\n\n\n<p>Jak podaje cz\u0119stochowski magistrat, b\u0119d\u0105 to Cz\u0119stochowskie Dni Literatury czyli impreza literacka organizowana przez Bibliotek\u0119 Publiczn\u0105 im. dr. W. Biega\u0144skiego w Cz\u0119stochowie i realizowana w partnerstwie z O\u015brodkiem Promocji Kultury Gaude Mater, OKF Iluzja, Miejsk\u0105 Galeri\u0105 Sztuki, Muzeum Cz\u0119stochowskim oraz przy wsparciu Uniwersytetu Jana D\u0142ugosza w Cz\u0119stochowie. Wydarzenie jest inspirowane tw\u00f3rczo\u015bci\u0105 Czes\u0142awa Mi\u0142osza, z uwagi na ustanowienie przez Senat RP roku 2024 rokiem tego noblisty. Prologiem imprezy b\u0119dzie spotkanie z austriack\u0105 poetk\u0105 i pisark\u0105, Sophi\u0105 Lunr\u0105 Schnack, autork\u0105 nominowanej do Nagrody Literackiej Rauris 2024 powie\u015bci \u201efeuchtes holz\u201d. Spotkanie jest tak\u017ce jednym z punkt\u00f3w programu IX Og\u00f3lnopolskiej Konferencji Naukowej Wstyd w literaturze. Transfer &#8211; Recepcja \u2013 Przek\u0142ad, organizowanej przez Instytut Literaturoznawstwa Uniwersytetu Jana D\u0142ugosza w dniach 14-15 listopada 2024 r.<\/p>\n\n\n\n<p>14 listopada organizatorzy zapraszaj\u0105 na inauguracj\u0119 Cz\u0119stochowskich Dni Literatury do OKF Iluzja, gdzie przypomn\u0105 film Tadeusza Konwickiego z 1982 roku \u2013 \u201eDolina Issy\u201d, kt\u00f3ry powsta\u0142 na kanwie utworu Czes\u0142awa Mi\u0142osza. Przed projekcj\u0105 filmu nast\u0105pi oficjalne otwarcie Cz\u0119stochowskich Dni Literatury. Po seansie przeniesiemy si\u0119 wraz z Zespo\u0142em Cie\u015bni Nadgarstka w czasy dwudziestolecia mi\u0119dzywojennego, za spraw\u0105 koncertu \u201e\u015apiewane dwudziestolecie\u201d (na film i koncert obowi\u0105zuj\u0105 wej\u015bci\u00f3wki, na pozosta\u0142e wydarzenia \u2013 wst\u0119p wolny).<\/p>\n\n\n\n<p>Nast\u0119pne dwa dni wype\u0142ni\u0105 spotkania autorskie. W pi\u0105tek 15 listopada organizatorzy zapraszaj\u0105 do Filii nr 9 Biblioteki Publicznej (ul. Nowowiejskiego 15), na spotkanie z Magdalen\u0105 Bielsk\u0105 \u2013 autork\u0105 ksi\u0105\u017cek poetyckich i powie\u015bci, laureatk\u0105 Nagrody im. Wis\u0142awy Szymborskiej za najlepsz\u0105 ksi\u0105\u017ck\u0119 poetyck\u0105 wydan\u0105 w 2023 roku (\u201ePoradnik dla niedawno zmar\u0142ych\u201d, Wydawnictwo a5).<br \/>W sobot\u0119 16 listopada odb\u0119d\u0105 si\u0119 dwa spotkania w Ratuszu (al. NMP 45). Pierwszym z nich b\u0119dzie debata zatytu\u0142owana \u201eCzy warto dzisiaj czyta\u0107 Mi\u0142osza?\u201d, w kt\u00f3rej udzia\u0142 wezm\u0105: Agnieszka Kosi\u0144ska \u2013 pisarka, edytorka i bibliografka; w latach 1996\u20132004 sekretarka, wsp\u00f3\u0142pracowniczka Czes\u0142awa Mi\u0142osza oraz Anna Romaniuk \u2013 historyczka literatury, edytorka, krytyczka literacka, autorka ksi\u0105\u017cki \u201eObecno\u015b\u0107. Wspomnienia o Czes\u0142awie Mi\u0142oszu\u201d. Po debacie zapraszamy na spotkanie z Andrzejem Franaszkiem \u2013 literaturoznawc\u0105, krytykiem literackim, laureatem m.in. Nagrody im. Ko\u015bcielskich 2011 za publikacj\u0119 \u201eMi\u0142osz. Biografia\u201d.<\/p>\n\n\n\n<p>Spotkania poprowadz\u0105 wyk\u0142adowczynie Instytutu Literaturoznawstwa Uniwersytetu Jana D\u0142ugosza w Cz\u0119stochowie: prof. dr hab. Agnieszka Czajkowska, dr Anna Janek oraz mgr Aleksandra Mieczy\u0144ska.<\/p>\n\n\n\n<p>Cz\u0119stochowskie Dni Literatury zosta\u0142y obj\u0119te patronatem honorowym Prezydenta Miasta Cz\u0119stochowy Krzysztofa Matyjaszczyka.<\/p>\n\n\n\n<hr class=\"wp-block-separator\"\/>\n\n\n\n<p>Harmonogram Cz\u0119stochowskich Dni Literatury<\/p>\n\n\n\n<p>14 listopada, czwartek<\/p>\n\n\n\n<p>11.00 &#8211; Spotkanie z Sophi\u0105 Lunr\u0105 Schnack<br \/>Spotkanie w ramach IX Og\u00f3lnopolskiej Konferencji Naukowej \u201eWstyd w literaturze. Transfer &#8211; Recepcja &#8211; Przek\u0142ad&#8221; (Instytut Literaturoznawstwa Uniwersytetu Jana D\u0142ugosza; 14-15 listopada 2024 r.).<br \/>Miejsce: Wydzia\u0142 Humanistyczny UJD w Cz\u0119stochowie, al. Armii Krajowej 36 a, Aula Humanitatis<br \/>Wst\u0119p wolny<\/p>\n\n\n\n<p>16.00 &#8211; film \u201eDolina Issy\u201d \u2013 oficjalne otwarcie imprezy<br \/>Miejsce: O\u015brodek Kultury Filmowej \u201eIluzja\u201d, al. NMP 64<br \/>wej\u015bci\u00f3wki do odebrania w OKF Iluzja<\/p>\n\n\n\n<p>19.00 &#8211; koncert Zespo\u0142u Cie\u015bni Nadgarstka pt. \u201e\u015apiewane dwudziestolecie\u201d<br \/>Miejsce: O\u015brodek Promocji Kultury Gaude Mater , ul. D\u0105browskiego 1<br \/>wej\u015bci\u00f3wki do odebrania w OPK Gaude Mater<\/p>\n\n\n\n<p>15 listopada, pi\u0105tek<\/p>\n\n\n\n<p>18.00 &#8211; Spotkanie z Magdalen\u0105 Bielsk\u0105<br \/>Prowadz\u0105ca: dr Anna Janek<br \/>Miejsce: Filia nr 9 Biblioteki Publicznej, ul. Nowowiejskiego 15<br \/>Wst\u0119p wolny<\/p>\n\n\n\n<p>16 listopada, sobota<\/p>\n\n\n\n<p>16.00 &#8211; Czy warto dzisiaj czyta\u0107 Mi\u0142osza? \u2013 debata z udzia\u0142em Anny Romaniuk i Agnieszki Kosi\u0144skiej<br \/>Prowadz\u0105ca: mgr Aleksandra Mieczy\u0144ska<br \/>Miejsce: Muzeum Cz\u0119stochowskie, Ratusz, al. NMP 45<br \/>Wst\u0119p wolny<\/p>\n\n\n\n<p>18.00 &#8211; Spotkanie z Andrzejem Franaszkiem<br \/>Prowadz\u0105ca: prof. dr hab. Agnieszka Czajkowska<br \/>Miejsce: Muzeum Cz\u0119stochowskie, Ratusz, al. NMP 45<br \/>Wst\u0119p wolny<\/p>\n\n\n\n<p><\/p>\n\n\n\n<p>Info i foto za: UM Cz\u0119stochowa<\/p>\n","protected":false},"excerpt":{"rendered":"<p>Rok 2024 zosta\u0142 og\u0142oszony rokiem Czes\u0142awa Mi\u0142osza. W obchody w\u0142\u0105cza si\u0119 tak\u017ce Cz\u0119stochowa. Organizuje wi\u0119c imprez\u0119 literack\u0105, kt\u00f3ra b\u0119dzie odbywa\u0142a si\u0119 pomi\u0119dzy&#8230;<\/p>\n","protected":false},"author":3,"featured_media":1871,"comment_status":"open","ping_status":"open","sticky":false,"template":"","format":"standard","meta":[],"categories":[4],"tags":[],"jetpack_featured_media_url":"https:\/\/ospc.com.pl\/wp-content\/uploads\/2025\/05\/78725.jpg","_links":{"self":[{"href":"https:\/\/ospc.com.pl\/index.php\/wp-json\/wp\/v2\/posts\/1870"}],"collection":[{"href":"https:\/\/ospc.com.pl\/index.php\/wp-json\/wp\/v2\/posts"}],"about":[{"href":"https:\/\/ospc.com.pl\/index.php\/wp-json\/wp\/v2\/types\/post"}],"author":[{"embeddable":true,"href":"https:\/\/ospc.com.pl\/index.php\/wp-json\/wp\/v2\/users\/3"}],"replies":[{"embeddable":true,"href":"https:\/\/ospc.com.pl\/index.php\/wp-json\/wp\/v2\/comments?post=1870"}],"version-history":[{"count":1,"href":"https:\/\/ospc.com.pl\/index.php\/wp-json\/wp\/v2\/posts\/1870\/revisions"}],"predecessor-version":[{"id":1872,"href":"https:\/\/ospc.com.pl\/index.php\/wp-json\/wp\/v2\/posts\/1870\/revisions\/1872"}],"wp:featuredmedia":[{"embeddable":true,"href":"https:\/\/ospc.com.pl\/index.php\/wp-json\/wp\/v2\/media\/1871"}],"wp:attachment":[{"href":"https:\/\/ospc.com.pl\/index.php\/wp-json\/wp\/v2\/media?parent=1870"}],"wp:term":[{"taxonomy":"category","embeddable":true,"href":"https:\/\/ospc.com.pl\/index.php\/wp-json\/wp\/v2\/categories?post=1870"},{"taxonomy":"post_tag","embeddable":true,"href":"https:\/\/ospc.com.pl\/index.php\/wp-json\/wp\/v2\/tags?post=1870"}],"curies":[{"name":"wp","href":"https:\/\/api.w.org\/{rel}","templated":true}]}}