{"id":1886,"date":"2025-06-03T03:34:00","date_gmt":"2025-06-03T01:34:00","guid":{"rendered":"http:\/\/ospc.com.pl\/?p=1886"},"modified":"2025-06-06T03:38:49","modified_gmt":"2025-06-06T01:38:49","slug":"krecili-z-okazji-stulecia-koronacji","status":"publish","type":"post","link":"https:\/\/ospc.com.pl\/index.php\/2025\/06\/03\/krecili-z-okazji-stulecia-koronacji\/","title":{"rendered":"Kr\u0119cili z okazji stulecia koronacji"},"content":{"rendered":"\n<p>Takie inicjatywy w pe\u0142ni popieramy! Ka\u017cda okazja do aktywno\u015bci na \u015bwie\u017cym powietrzu jest dobra, ale ta \u0142\u0105czy przyjemne z po\u017cytecznym! Dwie\u015bcie os\u00f3b postanowi\u0142o wzi\u0105\u0107 udzia\u0142 w wyj\u0105tkowym jurajskim rajdzie, zorganizowanym z okazji jubileuszu koronacji pierwszych polskich w\u0142adc\u00f3w.<\/p>\n\n\n\n<p>Jak podaje cz\u0119stochowski magistrat, rajd rowerowy \u201eNa Szlaku Orlich Gniazd \u2013 Olsztyn Jurajski\u201d odby\u0142 si\u0119 w ramach projektu edukacyjnego \u201eCz\u0119stochowa i region cz\u0119stochowski w czasach Polski Piastowskiej\u201d. Projekt realizuj\u0105 Urz\u0105d Miasta, Zesp\u00f3\u0142 Szk\u00f3\u0142 Technicznych, Zesp\u00f3\u0142 Szk\u00f3\u0142 im. Jana Kochanowskiego, VIII Liceum Samorz\u0105dowe, Szko\u0142a Podstawowa nr 12, Szko\u0142a Podstawowa nr 16 oraz Szko\u0142a Podstawowa nr 22.<\/p>\n\n\n\n<p>Zaznaczmy, \u017ce Sejm RP podj\u0105\u0142 uchwa\u0142\u0119 o ustanowieniu roku 2025 Rokiem Milenium Koronacji Dw\u00f3ch Pierwszych Kr\u00f3l\u00f3w Polski. Akt koronacji Boles\u0142awa Chrobrego i Mieszka II Lamberta sta\u0142 si\u0119 zwie\u0144czeniem wielu lat stara\u0144 o utworzenie silnego pa\u0144stwa. Tysi\u0105clecie Koronacji to okazja, aby przybli\u017ca\u0107 m\u0142odym ludziom czasy piastowskie i ich wp\u0142yw na kszta\u0142towanie si\u0119 pa\u0144stwa polskiego.<\/p>\n\n\n\n<p>Jak czytamy, w rajdzie wzi\u0119\u0142o udzia\u0142 173 rowerzystek i rowerzyst\u00f3w z 20 szk\u00f3\u0142 podstawowych i ponadpodstawowych, a trasa liczy\u0142a 35 km. Jeszcze przed startem 40 uczestnik\u00f3w mia\u0142o okazj\u0119 zwiedzi\u0107 sta\u0142\u0105 ekspozycj\u0119 \u201eHistoria Cz\u0119stochowy \u2013 miasta nad Wart\u0105\u201d w obiekcie Muzeum Cz\u0119stochowskiego na Starym Rynku.<\/p>\n\n\n\n<p>Uczestnik\u00f3w i uczestniczki rajdu przywita\u0142 zast\u0119pca prezydenta miasta \u0141ukasz Pabi\u015b. Obecny by\u0142 tak\u017ce naczelnik Wydzia\u0142u Edukacji Rafa\u0142 Piotrowski. Obaj urz\u0119dnicy s\u0105 wielkimi pasjonatami jazdy na rowerze. Kr\u00f3tki wyk\u0142ad wyg\u0142osi\u0142 dr Juliusz S\u0119towski z O\u015brodka Dokumentacji Dziej\u00f3w Cz\u0119stochowy \u2013 tak\u017ce widywany na co dzie\u0144 na rowerze.<\/p>\n\n\n\n<p>Miejscem docelowym by\u0142 zamek w Olsztynie, a wi\u0119c jeden z najwi\u0119kszych i najbardziej efektownych obiekt\u00f3w obronnych na Wy\u017cynie Krakowsko-Cz\u0119stochowskiej. Zamek ten by\u0142 wa\u017cnym punktem oporu p\u00f3\u0142nocno-zachodniej Ma\u0142opolski i o\u015brodkiem administracyjnym Polski Piastowskiej. Pod jego ruinami na uczestnik\u00f3w rajdu czeka\u0142 grill z kie\u0142baskami. Wszyscy dostali te\u017c pami\u0105tkowe korony \u2013 wszak by\u0142o to rajd ,,koronacyjny\u201d.<\/p>\n\n\n\n<p>Organizatorzy zapewnili wszystkim tak\u017ce opiek\u0119 medyczn\u0105, ubezpieczenie oraz pomoc techniczn\u0105. Ci, kt\u00f3rym ju\u017c nie starczy\u0142o kondycji, aby z Olsztyna wraca\u0107 te\u017c na dw\u00f3ch k\u00f3\u0142kach, mogli skorzysta\u0107 z platformy rowerowej do\u0142\u0105czonej do autobusu MPK linii nr 34.<\/p>\n\n\n\n<p>Info\/foto za: UM Cz\u0119stochowy<\/p>\n","protected":false},"excerpt":{"rendered":"<p>Takie inicjatywy w pe\u0142ni popieramy! Ka\u017cda okazja do aktywno\u015bci na \u015bwie\u017cym powietrzu jest dobra, ale ta \u0142\u0105czy przyjemne z po\u017cytecznym! Dwie\u015bcie os\u00f3b&#8230;<\/p>\n","protected":false},"author":3,"featured_media":1887,"comment_status":"open","ping_status":"open","sticky":false,"template":"","format":"standard","meta":[],"categories":[4],"tags":[],"jetpack_featured_media_url":"https:\/\/ospc.com.pl\/wp-content\/uploads\/2025\/06\/82622.jpg","_links":{"self":[{"href":"https:\/\/ospc.com.pl\/index.php\/wp-json\/wp\/v2\/posts\/1886"}],"collection":[{"href":"https:\/\/ospc.com.pl\/index.php\/wp-json\/wp\/v2\/posts"}],"about":[{"href":"https:\/\/ospc.com.pl\/index.php\/wp-json\/wp\/v2\/types\/post"}],"author":[{"embeddable":true,"href":"https:\/\/ospc.com.pl\/index.php\/wp-json\/wp\/v2\/users\/3"}],"replies":[{"embeddable":true,"href":"https:\/\/ospc.com.pl\/index.php\/wp-json\/wp\/v2\/comments?post=1886"}],"version-history":[{"count":1,"href":"https:\/\/ospc.com.pl\/index.php\/wp-json\/wp\/v2\/posts\/1886\/revisions"}],"predecessor-version":[{"id":1888,"href":"https:\/\/ospc.com.pl\/index.php\/wp-json\/wp\/v2\/posts\/1886\/revisions\/1888"}],"wp:featuredmedia":[{"embeddable":true,"href":"https:\/\/ospc.com.pl\/index.php\/wp-json\/wp\/v2\/media\/1887"}],"wp:attachment":[{"href":"https:\/\/ospc.com.pl\/index.php\/wp-json\/wp\/v2\/media?parent=1886"}],"wp:term":[{"taxonomy":"category","embeddable":true,"href":"https:\/\/ospc.com.pl\/index.php\/wp-json\/wp\/v2\/categories?post=1886"},{"taxonomy":"post_tag","embeddable":true,"href":"https:\/\/ospc.com.pl\/index.php\/wp-json\/wp\/v2\/tags?post=1886"}],"curies":[{"name":"wp","href":"https:\/\/api.w.org\/{rel}","templated":true}]}}