{"id":1898,"date":"2025-07-30T00:30:00","date_gmt":"2025-07-29T22:30:00","guid":{"rendered":"http:\/\/ospc.com.pl\/?p=1898"},"modified":"2025-07-30T00:30:06","modified_gmt":"2025-07-29T22:30:06","slug":"rozwijamy-czytelnictwo","status":"publish","type":"post","link":"https:\/\/ospc.com.pl\/index.php\/2025\/07\/30\/rozwijamy-czytelnictwo\/","title":{"rendered":"Rozwijamy czytelnictwo?"},"content":{"rendered":"\n<p>Je\u015bli wierzy\u0107 badaniom Biblioteki Narodowej, mo\u017cemy uzna\u0107, \u017ce poziom czytelnictwa w Polsce nieco si\u0119 podwy\u017cszy\u0142 i&#8230; stan\u0105\u0142 w miejscu. Aktualnie wynosi 40 % i ani drgnie &#8211; donosi instytucja. Nie jest bardzo \u017ale, ale mog\u0142oby by\u0107 lepiej, wiadomo&#8230; Ale dzi\u015b m\u0142odzi ludzie cz\u0119\u015bciej si\u0119gaj\u0105 po social media i informacje w nich zawarte ni\u017c po wiedz\u0119 z ksi\u0105\u017cek. <\/p>\n\n\n\n<p>Na szcz\u0119\u015bcie s\u0105 takie inicjatywy jak ta, kt\u00f3re maj\u0105 w swoim za\u0142o\u017ceniu zwi\u0119kszenie czytelnictwa i zaanga\u017cowanie m\u0142odych w czytanie ksi\u0105\u017cek. Czy to si\u0119 uda? To pewnie oka\u017ce si\u0119 za jaki\u015b czas, ale warto zwr\u00f3ci\u0107 uwag\u0119 na fakt, \u017ce Wydzia\u0142 Edukacji Urz\u0119du Miasta Cz\u0119stochowy wyci\u0105gn\u0105\u0142 z bud\u017cetowej kieszeni troch\u0119 grosza i wyda\u0142 je w\u0142a\u015bnie na ksi\u0105\u017cki. <\/p>\n\n\n\n<p>Jak informuje magistrat, Cz\u0119stochowa otrzyma\u0142a dotacj\u0119 w ramach \u201eNarodowego Programu Rozwoju Czytelnictwa\u201d, z kt\u00f3rej skorzystaj\u0105 biblioteki w jedenastu szko\u0142ach \u2013 9 podstawowych oraz 2 \u015brednich. Warto\u015b\u0107 projektu to 144 tysi\u0105ce z\u0142otych. Sporo. A wiedza z ksi\u0105\u017cek &#8211; bezcenna \ud83d\ude42 <\/p>\n\n\n\n<p>\u015arodki finansowe, o kt\u00f3rych mowa maj\u0105 zosta\u0107 wykorzystane na zakup nowo\u015bci wydawniczych, wyposa\u017cenia, sprz\u0119tu komputerowego i oprogramowania dla bibliotek szkolnych, a tak\u017ce na realizacj\u0119 dzia\u0142a\u0144 promuj\u0105cych czytelnictwo (w tym zakup nagr\u00f3d dla uczni\u00f3w bior\u0105cych udzia\u0142 w konkursach).<\/p>\n\n\n\n<p>Jak podaje Biuro Prasowe UM, <em>kwota dofinansowania z dotacji celowej pa\u0144stwa wynosi 115 tys. z\u0142, a wk\u0142ad w\u0142asny Miasta Cz\u0119stochowy 28 tys. 750 z\u0142. Ca\u0142kowita warto\u015b\u0107 projektu to zatem 143 tys. 750 z\u0142. Dotacja zosta\u0142a uruchomiona na podstawie umowy mi\u0119dzy Wojewod\u0105 \u015al\u0105skim a Miastem Cz\u0119stochowa. \u015arodki pochodz\u0105 z Priorytetu 3 \u201eNarodowego Programu Rozwoju Czytelnictwa 2.0 na lata 2021-2025\u201d. <\/em><\/p>\n\n\n\n<p>Co oczywiste, ale niemniej wa\u017cne, Narodowy Program Rozwoju Czytelnictwa 2.0 ma poprawi\u0107 stan czytelnictwa w Polsce. Jego g\u0142\u00f3wnym za\u0142o\u017ceniem jest wzmacnianie roli bibliotek publicznych, szkolnych i pedagogicznych jako lokalnych o\u015brodk\u00f3w \u017cycia spo\u0142ecznego, kt\u00f3re mog\u0105 by\u0107 centrum dost\u0119pu do kultury i wiedzy. Czy oka\u017c\u0105 si\u0119 dobrym i skutecznym konkurentem dla Internetu? Miejmy nadziej\u0119! <\/p>\n\n\n\n<p>Program realizuje Ministerstwo Kultury i Dziedzictwa Narodowego, przy zaanga\u017cowaniu Biblioteki Narodowej, Instytutu Ksi\u0105\u017cki i Narodowego Centrum Kultury oraz we wsp\u00f3\u0142pracy z Ministerstwem Edukacji i Nauki. A poni\u017cej prezentujemy list\u0119 szk\u00f3\u0142, kt\u00f3ra skorzysta z dobrodziejstw tego programu: <\/p>\n\n\n\n<ul><li>Szko\u0142a Podstawowa nr 1 im. Zdobywc\u00f3w Przestworzy,<\/li><li>Szko\u0142a Podstawowa nr 9 im. Adama Mickiewicza,<\/li><li>Szko\u0142a Podstawowa nr 19 im. Juliana Tuwima,<\/li><li>Szko\u0142a Podstawowa nr 34 im. Aleksandra Hrabiego Fredry,<\/li><li>Szko\u0142a Podstawowa nr 37 im. Jana Paw\u0142a II,<\/li><li>Szko\u0142a Podstawowa nr 42 im. Jana Brzechwy,<\/li><li>Szko\u0142a Podstawowa nr 50 im. gen. W\u0142adys\u0142awa Sikorskiego,<\/li><li>Szko\u0142a Podstawowa nr 53 z Oddzia\u0142ami Integracyjnymi im. Marii Sk\u0142odowskiej-Curie,<\/li><li>Szko\u0142a Podstawowa Specjalna nr 28,<\/li><li>IX Liceum Og\u00f3lnokszta\u0142c\u0105ce im. Cypriana Kamila Norwida,<\/li><li>Technikum nr 12 w Zespole Szk\u00f3\u0142 Technicznych im. Jana Paw\u0142a II.<\/li><\/ul>\n\n\n\n<p>Info za: UM Cz\u0119stochowa<\/p>\n\n\n\n<p><\/p>\n\n\n\n<p><\/p>\n\n\n\n<p><\/p>\n\n\n\n<p><\/p>\n","protected":false},"excerpt":{"rendered":"<p>Je\u015bli wierzy\u0107 badaniom Biblioteki Narodowej, mo\u017cemy uzna\u0107, \u017ce poziom czytelnictwa w Polsce nieco si\u0119 podwy\u017cszy\u0142 i&#8230; stan\u0105\u0142 w miejscu. Aktualnie wynosi 40&#8230;<\/p>\n","protected":false},"author":3,"featured_media":1899,"comment_status":"open","ping_status":"open","sticky":false,"template":"","format":"standard","meta":[],"categories":[4],"tags":[],"jetpack_featured_media_url":"https:\/\/ospc.com.pl\/wp-content\/uploads\/2025\/07\/tom-hermans-9BoqXzEeQqM-unsplash-scaled.jpg","_links":{"self":[{"href":"https:\/\/ospc.com.pl\/index.php\/wp-json\/wp\/v2\/posts\/1898"}],"collection":[{"href":"https:\/\/ospc.com.pl\/index.php\/wp-json\/wp\/v2\/posts"}],"about":[{"href":"https:\/\/ospc.com.pl\/index.php\/wp-json\/wp\/v2\/types\/post"}],"author":[{"embeddable":true,"href":"https:\/\/ospc.com.pl\/index.php\/wp-json\/wp\/v2\/users\/3"}],"replies":[{"embeddable":true,"href":"https:\/\/ospc.com.pl\/index.php\/wp-json\/wp\/v2\/comments?post=1898"}],"version-history":[{"count":1,"href":"https:\/\/ospc.com.pl\/index.php\/wp-json\/wp\/v2\/posts\/1898\/revisions"}],"predecessor-version":[{"id":1900,"href":"https:\/\/ospc.com.pl\/index.php\/wp-json\/wp\/v2\/posts\/1898\/revisions\/1900"}],"wp:featuredmedia":[{"embeddable":true,"href":"https:\/\/ospc.com.pl\/index.php\/wp-json\/wp\/v2\/media\/1899"}],"wp:attachment":[{"href":"https:\/\/ospc.com.pl\/index.php\/wp-json\/wp\/v2\/media?parent=1898"}],"wp:term":[{"taxonomy":"category","embeddable":true,"href":"https:\/\/ospc.com.pl\/index.php\/wp-json\/wp\/v2\/categories?post=1898"},{"taxonomy":"post_tag","embeddable":true,"href":"https:\/\/ospc.com.pl\/index.php\/wp-json\/wp\/v2\/tags?post=1898"}],"curies":[{"name":"wp","href":"https:\/\/api.w.org\/{rel}","templated":true}]}}