{"id":1906,"date":"2025-08-01T00:01:00","date_gmt":"2025-07-31T22:01:00","guid":{"rendered":"http:\/\/ospc.com.pl\/?p=1906"},"modified":"2025-07-30T00:56:44","modified_gmt":"2025-07-29T22:56:44","slug":"naszym-zdaniem-jeszcze-w-zielone-gramy","status":"publish","type":"post","link":"https:\/\/ospc.com.pl\/index.php\/2025\/08\/01\/naszym-zdaniem-jeszcze-w-zielone-gramy\/","title":{"rendered":"Naszym zdaniem: jeszcze w zielone gramy?"},"content":{"rendered":"\n<p>Zaczynaj\u0105c cytatem z piosenki Wojciecha M\u0142ynarskiego nieco zmieniamy jego znaczenie odnosz\u0105c je do sytuacji w naszym mie\u015bcie. Dlaczego? Na pocz\u0105tku polecamy przypomnie\u0107 sobie nasz artyku\u0142 o piel\u0119gnacji ro\u015blin w centrum Cz\u0119stochowy, kt\u00f3ry mo\u017cecie <a href=\"https:\/\/ospc.com.pl\/index.php\/2024\/10\/21\/naszym-zdaniem-co-z-tymi-roslinami\/\" data-type=\"URL\" data-id=\"https:\/\/ospc.com.pl\/index.php\/2024\/10\/21\/naszym-zdaniem-co-z-tymi-roslinami\/\" target=\"_blank\" rel=\"noreferrer noopener\">przeczyta\u0107 tutaj<\/a>. Zastanawiali\u015bmy si\u0119 wtedy nad problemem, jaki dr\u0119czy\u0142 ro\u015blinno\u015b\u0107 miejsk\u0105. Ukwiecone aleje w wizualizacjach, w rzeczywisto\u015bci przypomina\u0142y latem krajobraz rodem z pustyni. Przesuszone, pozbawione koloru, wyschni\u0119te, zwi\u0119d\u0142e kwiaty ju\u017c nawet nie mia\u0142y si\u0142 prosi\u0107 o wod\u0119&#8230; Cho\u0107 w tym roku na Placu Biega\u0144skiego pojawi\u0142y si\u0119 pi\u0119kne klomby z r\u00f3\u017cowymi kwiatami, kt\u00f3re ciesz\u0105 oczy, wci\u0105\u017c s\u0105 miejsca, o kt\u00f3re nale\u017ca\u0142oby zadba\u0107 bardziej&#8230; <\/p>\n\n\n\n<p>Tymczasem Cz\u0119stochowa to miasto skrajno\u015bci. Z jednej strony wyschni\u0119te ro\u015bliny, kt\u00f3re, jak wtedy us\u0142yszeli\u015bmy, po prostu si\u0119 &#8222;gotuj\u0105&#8221;. Z drugiej strony&#8230; sawannna. \u0141\u0105ki bezkresne, bujne, wysokie &#8211; te, kt\u00f3re swoim bogactwem przes\u0142aniaj\u0105 ca\u0142y \u015bwiat i to dos\u0142ownie, bo kierowcy narzekaj\u0105 na brak widoczno\u015bci. Nieskoszone chodniki, zarastaj\u0105ce trawniki wci\u0105\u017c w wielu miejscach nie mog\u0105 doczeka\u0107 si\u0119 opieki. Czy w tym mie\u015bcie si\u0119 tak\u017ce nie kosi? <\/p>\n\n\n\n<p>Jak si\u0119 okazuje, to problem, kt\u00f3ry trapi wielu, bo nieskoszone trawniki i wysoka trawa ro\u015bnie w miejscach najbardziej newralgicznych &#8211; przy rondach, skrzy\u017cowaniach, przej\u015bciach dla pieszych &#8211; tu, gdzie doskona\u0142a widoczno\u015b\u0107 jest wr\u0119cz obowi\u0105zkiem. Ale nie w Cz\u0119stochowie. <\/p>\n\n\n\n<p>Centrum Us\u0142ug Komunalnych sprawuje piecz\u0119 nad takimi rzeczami, w tym powinna troszczy\u0107 si\u0119 o ziele\u0144 miejsk\u0105. Pomaga\u0107 jej rosn\u0105\u0107 tu, gdzie powinna by\u0107 pi\u0119kna i kwiecista. I kosi\u0107 tu, gdzie mo\u017ce zagra\u017ca\u0107 bezpiecze\u0144stwu. Ale&#8230; CUK nie robi tego w\u0142asnymi r\u0119kami. Ma od tego ludzi. A konkretnie firmy, kt\u00f3rym zleca zadania dbania o ro\u015blinno\u015b\u0107. <\/p>\n\n\n\n<p>W ostatnim czasie w lokalnych mediach pojawiaj\u0105 si\u0119 informacje o tym, \u017ce cz\u0119stochowski CUK narzeka na wykonawc\u00f3w. Na\u0142o\u017cono nawet na firm\u0119 ponad sto kar ze wzgl\u0119du na niewype\u0142nienie swoich obowi\u0105zk\u00f3w. Miasto t\u0142umaczy si\u0119 jednak, \u017ce nie mo\u017ce z dnia na dzie\u0144 firmie podzi\u0119kowa\u0107, bo wi\u0105\u017c\u0105 je z nierzetelnymi pracownikami umowy i formalno\u015bci. Z tonu urz\u0119dnik\u00f3w jasno mo\u017cna wyczyta\u0107 jednak, \u017ce nie s\u0105 zadowoleni ze \u015bwiadczonych us\u0142ug, a raczej nie\u015bwiadczonych i wykonawca raczej szybko po\u017cegna si\u0119 z posad\u0105. <\/p>\n\n\n\n<p>Tymczasem cz\u0119stochowianie wci\u0105\u017c podziwia\u0107 musz\u0105 te pola, \u0142\u0105ki zielone&#8230; Przy okazji staraj\u0105c si\u0119 zachowa\u0107 maksymaln\u0105 uwag\u0119. Uwa\u017cajcie zatem, a ro\u015blinno\u015b\u0107 miejsk\u0105 obdarzcie ciep\u0142ym spojrzeniem. Nie ma ona \u0142atwo. <\/p>\n","protected":false},"excerpt":{"rendered":"<p>Zaczynaj\u0105c cytatem z piosenki Wojciecha M\u0142ynarskiego nieco zmieniamy jego znaczenie odnosz\u0105c je do sytuacji w naszym mie\u015bcie. Dlaczego? Na pocz\u0105tku polecamy przypomnie\u0107&#8230;<\/p>\n","protected":false},"author":3,"featured_media":1907,"comment_status":"open","ping_status":"open","sticky":false,"template":"","format":"standard","meta":[],"categories":[97],"tags":[],"jetpack_featured_media_url":"https:\/\/ospc.com.pl\/wp-content\/uploads\/2025\/07\/rezaun-kabir-clhxgawsE_c-unsplash-scaled.jpg","_links":{"self":[{"href":"https:\/\/ospc.com.pl\/index.php\/wp-json\/wp\/v2\/posts\/1906"}],"collection":[{"href":"https:\/\/ospc.com.pl\/index.php\/wp-json\/wp\/v2\/posts"}],"about":[{"href":"https:\/\/ospc.com.pl\/index.php\/wp-json\/wp\/v2\/types\/post"}],"author":[{"embeddable":true,"href":"https:\/\/ospc.com.pl\/index.php\/wp-json\/wp\/v2\/users\/3"}],"replies":[{"embeddable":true,"href":"https:\/\/ospc.com.pl\/index.php\/wp-json\/wp\/v2\/comments?post=1906"}],"version-history":[{"count":1,"href":"https:\/\/ospc.com.pl\/index.php\/wp-json\/wp\/v2\/posts\/1906\/revisions"}],"predecessor-version":[{"id":1908,"href":"https:\/\/ospc.com.pl\/index.php\/wp-json\/wp\/v2\/posts\/1906\/revisions\/1908"}],"wp:featuredmedia":[{"embeddable":true,"href":"https:\/\/ospc.com.pl\/index.php\/wp-json\/wp\/v2\/media\/1907"}],"wp:attachment":[{"href":"https:\/\/ospc.com.pl\/index.php\/wp-json\/wp\/v2\/media?parent=1906"}],"wp:term":[{"taxonomy":"category","embeddable":true,"href":"https:\/\/ospc.com.pl\/index.php\/wp-json\/wp\/v2\/categories?post=1906"},{"taxonomy":"post_tag","embeddable":true,"href":"https:\/\/ospc.com.pl\/index.php\/wp-json\/wp\/v2\/tags?post=1906"}],"curies":[{"name":"wp","href":"https:\/\/api.w.org\/{rel}","templated":true}]}}