{"id":460,"date":"2019-01-18T19:15:35","date_gmt":"2019-01-18T18:15:35","guid":{"rendered":"http:\/\/ospc.com.pl\/?p=460"},"modified":"2019-01-18T19:53:19","modified_gmt":"2019-01-18T18:53:19","slug":"460","status":"publish","type":"post","link":"https:\/\/ospc.com.pl\/index.php\/2019\/01\/18\/460\/","title":{"rendered":"&#8230;"},"content":{"rendered":"<p><a href=\"http:\/\/ospc.com.pl\/wp-content\/uploads\/2019\/01\/PHOTO-2019-01-15-11-42-51-1.jpg\"><img loading=\"lazy\" class=\"size-full wp-image-462 alignnone\" src=\"http:\/\/ospc.com.pl\/wp-content\/uploads\/2019\/01\/PHOTO-2019-01-15-11-42-51-1.jpg\" alt=\"PHOTO-2019-01-15-11-42-51\" width=\"225\" height=\"400\" \/><\/a><\/p>\n<p><em>Sp\u00f3jrzcie, jaka wci\u0105\u017c sprawna,<\/em><br \/>\n<em> jak dobrze si\u0119 trzyma<\/em><br \/>\n<em> w naszym stuleciu nienawi\u015b\u0107.<\/em><br \/>\n<em> Jak lekko bierze przeszkody.<\/em><br \/>\n<em> Jakie to \u0142atwe dla niej \u2013 skoczy\u0107, dopa\u015b\u0107.<\/em><\/p>\n<p><em>Nie jest jak inne uczucia.<\/em><br \/>\n<em> Starsza i m\u0142odsza od nich jednocze\u015bnie.<\/em><br \/>\n<em> Sama rodzi przyczyny,<\/em><br \/>\n<em> kt\u00f3re j\u0105 budz\u0105 do \u017cycia.<\/em><br \/>\n<em> Je\u015bli zasypia, to nigdy snem wiecznym.<\/em><br \/>\n<em> Bezsenno\u015b\u0107 nie odbiera jej si\u0142, ale dodaje.<\/em><\/p>\n<p><em>Religia nie religia &#8211;<\/em><br \/>\n<em> byle przykl\u0119kn\u0105\u0107 na starcie.<\/em><br \/>\n<em> Ojczyzna nie ojczyzna &#8211;<\/em><br \/>\n<em> byle si\u0119 zerwa\u0107 do biegu.<\/em><br \/>\n<em> Niez\u0142a i sprawiedliwo\u015b\u0107 na pocz\u0105tek.<\/em><br \/>\n<em> Potem ju\u017c p\u0119dzi sama.<\/em><br \/>\n<em> Nienawi\u015b\u0107. Nienawi\u015b\u0107.<\/em><br \/>\n<em> Twarz jej wykrzywia grymas<\/em><br \/>\n<em> ekstazy mi\u0142osnej.<\/em><\/p>\n<p><em>Ach, te inne uczucia &#8211;<\/em><br \/>\n<em> cherlawe i \u015blamazarne.<\/em><br \/>\n<em> Od kiedy to braterstwo<\/em><br \/>\n<em> mo\u017ce liczy\u0107 na t\u0142umy?<\/em><br \/>\n<em> Wsp\u00f3\u0142czucie czy kiedykolwiek<\/em><br \/>\n<em> pierwsze dobi\u0142o do mety?<\/em><br \/>\n<em> Zw\u0105tpienie ilu ch\u0119tnych porywa za sob\u0105?<\/em><br \/>\n<em> Porywa tylko ona, kt\u00f3ra swoje wie.<\/em><\/p>\n<p><em>Zdolna, poj\u0119tna, bardzo pracowita.<\/em><br \/>\n<em> Czy trzeba m\u00f3wi\u0107 ile u\u0142o\u017cy\u0142a pie\u015bni.<\/em><br \/>\n<em> Ile stronnic historii ponumerowa\u0142a.<\/em><br \/>\n<em> Ile dywan\u00f3w z ludzi porozpo\u015bciera\u0142a<\/em><br \/>\n<em> na ilu placach, stadionach.<\/em><\/p>\n<p><em>Nie ok\u0142amujmy si\u0119:<\/em><br \/>\n<em> potrafi tworzy\u0107 pi\u0119kno.<\/em><br \/>\n<em> Wspania\u0142e s\u0105 jej \u0142uny ciemn\u0105 noc\u0105.<\/em><br \/>\n<em> \u015awietne k\u0142\u0119by wybuch\u00f3w o r\u00f3\u017canym \u015bwicie.<\/em><br \/>\n<em> Trudno odm\u00f3wi\u0107 patosu ruinom<\/em><br \/>\n<em> i rubasznego humoru<\/em><br \/>\n<em> krzepko stercz\u0105cej nad nimi kolumnie.<\/em><\/p>\n<p><em>Jest mistrzyni\u0105 kontrastu<\/em><br \/>\n<em> mi\u0119dzy \u0142oskotem a cisz\u0105,<\/em><br \/>\n<em> mi\u0119dzy czerwon\u0105 krwi\u0105 a bia\u0142ym \u015bniegiem.<\/em><br \/>\n<em> A nade wszystko nigdy jej nie nudzi<\/em><br \/>\n<em> motyw schludnego oprawcy<\/em><br \/>\n<em> nad splugawion\u0105 ofiar\u0105.<\/em><\/p>\n<p><em>Do nowych zada\u0144 w ka\u017cdej chwili gotowa.<\/em><br \/>\n<em> Je\u017celi musi poczeka\u0107, poczeka.<\/em><br \/>\n<em> M\u00f3wi\u0105, \u017ce \u015blepa. \u015alepa?<\/em><br \/>\n<em> Ma bystre oczy snajpera<\/em><br \/>\n<em> i \u015bmia\u0142o patrzy w przysz\u0142o\u015b\u0107<\/em><br \/>\n<em> &#8211; ona jedna.<\/em><\/p>\n<p>Wis\u0142awa Szymborska, Nienawi\u015b\u0107<\/p>\n<p>Obywatelskie Stowarzyszenie Przyjaci\u00f3\u0142 Cz\u0119stochowy \u0142\u0105czy si\u0119 w b\u00f3lu z rodzin\u0105 tragicznie zmar\u0142ego Prezydenta Miasta Gda\u0144sk, Paw\u0142a Adamowicza. Brakuje s\u0142\u00f3w, by wyrazi\u0107 \u017cal, rozpacz i bezsilno\u015b\u0107 wobec tragedii, jaka dotkn\u0119\u0142a i po raz kolejny podzieli\u0142a wszystkich Polak\u00f3w.<\/p>\n<p>Chcemy \u015bmia\u0142o patrze\u0107 w przysz\u0142o\u015b\u0107, ale bez nienawi\u015bci i podzia\u0142u, a z ch\u0119ci\u0105 dialogu i pojednania. Wyra\u017camy tym samym nadziej\u0119, \u017ce to jeszcze wci\u0105\u017c jest mo\u017cliwe.<\/p>\n<p>&nbsp;<\/p>\n<p style=\"text-align: left;\">Ku refleksji<\/p>\n<p style=\"text-align: left;\">i ku wsparciu bliskich Paw\u0142a Adamowicza&#8230;<\/p>\n<p style=\"text-align: left;\">Prezes OSPC Jacek Topczewski<\/p>\n<p>&nbsp;<\/p>\n","protected":false},"excerpt":{"rendered":"<p>Sp\u00f3jrzcie, jaka wci\u0105\u017c sprawna, jak dobrze si\u0119 trzyma w naszym stuleciu nienawi\u015b\u0107. Jak lekko bierze przeszkody. Jakie to \u0142atwe dla niej \u2013&#8230;<\/p>\n","protected":false},"author":3,"featured_media":0,"comment_status":"open","ping_status":"open","sticky":false,"template":"","format":"standard","meta":[],"categories":[1],"tags":[],"jetpack_featured_media_url":"","_links":{"self":[{"href":"https:\/\/ospc.com.pl\/index.php\/wp-json\/wp\/v2\/posts\/460"}],"collection":[{"href":"https:\/\/ospc.com.pl\/index.php\/wp-json\/wp\/v2\/posts"}],"about":[{"href":"https:\/\/ospc.com.pl\/index.php\/wp-json\/wp\/v2\/types\/post"}],"author":[{"embeddable":true,"href":"https:\/\/ospc.com.pl\/index.php\/wp-json\/wp\/v2\/users\/3"}],"replies":[{"embeddable":true,"href":"https:\/\/ospc.com.pl\/index.php\/wp-json\/wp\/v2\/comments?post=460"}],"version-history":[{"count":3,"href":"https:\/\/ospc.com.pl\/index.php\/wp-json\/wp\/v2\/posts\/460\/revisions"}],"predecessor-version":[{"id":465,"href":"https:\/\/ospc.com.pl\/index.php\/wp-json\/wp\/v2\/posts\/460\/revisions\/465"}],"wp:attachment":[{"href":"https:\/\/ospc.com.pl\/index.php\/wp-json\/wp\/v2\/media?parent=460"}],"wp:term":[{"taxonomy":"category","embeddable":true,"href":"https:\/\/ospc.com.pl\/index.php\/wp-json\/wp\/v2\/categories?post=460"},{"taxonomy":"post_tag","embeddable":true,"href":"https:\/\/ospc.com.pl\/index.php\/wp-json\/wp\/v2\/tags?post=460"}],"curies":[{"name":"wp","href":"https:\/\/api.w.org\/{rel}","templated":true}]}}