{"id":570,"date":"2021-09-06T22:48:38","date_gmt":"2021-09-06T20:48:38","guid":{"rendered":"http:\/\/ospc.com.pl\/?p=570"},"modified":"2021-09-06T22:48:39","modified_gmt":"2021-09-06T20:48:39","slug":"xxx-krajowa-wystawa-rolnicza-w-czestochowie","status":"publish","type":"post","link":"https:\/\/ospc.com.pl\/index.php\/2021\/09\/06\/xxx-krajowa-wystawa-rolnicza-w-czestochowie\/","title":{"rendered":"XXX Krajowa Wystawa Rolnicza w Cz\u0119stochowie"},"content":{"rendered":"\n<figure class=\"wp-block-image size-large\"><a href=\"http:\/\/ospc.com.pl\/wp-content\/uploads\/2021\/09\/54183.jpg\"><img loading=\"lazy\" width=\"658\" height=\"345\" src=\"http:\/\/ospc.com.pl\/wp-content\/uploads\/2021\/09\/54183.jpg\" alt=\"\" class=\"wp-image-571\"\/><\/a><figcaption>\u017ar\u00f3d\u0142o: czestochowa.pl<\/figcaption><\/figure>\n\n\n\n<p>To ju\u017c marka. Wydarzenie przyci\u0105gaj\u0105ce do Cz\u0119stochowy ludzi z ca\u0142ej Polski, a nawet zza granicy. Pielgrzymi, rolnicy, producenci \u017cywno\u015bci i nie tylko, przedstawiciele rz\u0105du i samorz\u0105d\u00f3w, instytucji zwi\u0105zanych z szeroko poj\u0119tym rolnictwem, technologi\u0105, przemys\u0142em. Miasto t\u0119tni wtedy \u017cyciem pod szyldem Krajowej Wystawy Rolniczej. W tym roku wyj\u0105tkowej, bo jubileuszowej &#8211; trzydziestej. <\/p>\n\n\n\n<p>Wydarzenie organizuje \u015al\u0105ski O\u015brodek Doradztwa Rolniczego w Cz\u0119stochowie. Wystawie towarzysz\u0105 co roku Og\u00f3lnopolskie Do\u017cynki Jasnog\u00f3rskie. W tym roku jednak sytuacja pandemiczna wymusi\u0142a kilka nowych rozwi\u0105za\u0144 logistycznych, stosowanych ju\u017c w zesz\u0142ym roku. Stoiska wystawowe znajdowa\u0142y si\u0119 na terenie parking\u00f3w jasnog\u00f3rskich, a stoiska handlowe &#8211; w III Alei Naj\u015bwi\u0119tszej Maryi Panny.<\/p>\n\n\n\n<p>W ramach wystawy odby\u0142 si\u0119 szereg wydarze\u0144, m.in.: Targi Pszczelarskie, Wystawa Przedsi\u0119biorczo\u015bci i Maszyn Rolniczych, Kiermasz Kwiat\u00f3w i Krzew\u00f3w Ozdobnych, Odnawialne \u0179r\u00f3d\u0142a Energii czy Wystawa Drobnego Inwentarza i Wystaw\u0119 Zwierz\u0105t Hodowlanych. Przybyli go\u015bcie mogli spotka\u0107 si\u0119 ze specjalistami instytucji rolniczych, takich jak MRiRW, ARiMR, KOWR, CDR, KRUS, KRIR, czy \u015aODR. Honorowy patronat nad wystaw\u0105 obj\u0105\u0142 Prezydent RP Andrzej Duda, kt\u00f3ry uczestniczy\u0142 w uroczysto\u015bciach na Jasnej G\u00f3rze w niedziel\u0119. Mszy \u015bwi\u0119tej, kt\u00f3r\u0105 odprawiono na jasnog\u00f3rskim szczycie przewodniczy\u0142 abp Wac\u0142aw Depo, metropolita cz\u0119stochowski. Zgodnie z tradycj\u0105, pob\u0142ogos\u0142awione zosta\u0142y przyniesione przez rolnik\u00f3w wie\u0144ce \u017cniwne.<\/p>\n\n\n\n<p>Po owocnym i udanym weekendzie ju\u017c wiadomo, \u017ce wystawa i do\u017cynki cieszy\u0142y si\u0119 tradycyjnie ogromnym zainteresowaniem. To jedyna taka okazja w roku, by zasmakowa\u0107 specja\u0142\u00f3w rodem z polskiej wsi, zobaczy\u0107 najnowsz\u0105 technologi\u0119 i sprz\u0119t rolniczy, wymieni\u0107 si\u0119 pogl\u0105dami i sp\u0119dzi\u0107 czas przekonuj\u0105c si\u0119, \u017ce rolnictwo jest dziedzin\u0105, kt\u00f3ra si\u0119 rozwija i na kt\u00f3r\u0105 warto stawia\u0107 &#8211; takie g\u0142osy da\u0142o s\u0142ysze\u0107 si\u0119 zza stoisk wystawc\u00f3w z ca\u0142ej Polski. <\/p>\n\n\n\n<p>Krajowa Wystawa Rolnicza towarzyszy Og\u00f3lnopolskim Do\u017cynkom Jasnog\u00f3rskim od 1992 roku. Wtedy te\u017c po raz pierwszy w naszym mie\u015bcie stan\u0119\u0142y rolnicze maszyny i stoiska z produktami rodzimych rolnik\u00f3w. Pierwsza Krajowa Wystawa Rolnicza odby\u0142a si\u0119 w dniach 05-06 wrze\u015bnia 1992 roku. Pawilonem wystawowym by\u0142a w\u00f3wczas sala gimnastyczna IV Liceum Og\u00f3lnokszta\u0142c\u0105cego im. Henryka Sienkiewicza. Z czasem wydarzenie zacz\u0119\u0142o si\u0119 rozrasta\u0107 i przenosi\u0107 w przestrze\u0144 miejsk\u0105 cz\u0119stochowskich Alei. Dzi\u015b jest to ju\u017c wystawa o randze historycznej, na sta\u0142e wpisana w kroniki miasta. <\/p>\n\n\n\n<p><\/p>\n","protected":false},"excerpt":{"rendered":"<p>To ju\u017c marka. Wydarzenie przyci\u0105gaj\u0105ce do Cz\u0119stochowy ludzi z ca\u0142ej Polski, a nawet zza granicy. Pielgrzymi, rolnicy, producenci \u017cywno\u015bci i nie tylko,&#8230;<\/p>\n","protected":false},"author":3,"featured_media":0,"comment_status":"open","ping_status":"open","sticky":false,"template":"","format":"standard","meta":[],"categories":[4],"tags":[],"jetpack_featured_media_url":"","_links":{"self":[{"href":"https:\/\/ospc.com.pl\/index.php\/wp-json\/wp\/v2\/posts\/570"}],"collection":[{"href":"https:\/\/ospc.com.pl\/index.php\/wp-json\/wp\/v2\/posts"}],"about":[{"href":"https:\/\/ospc.com.pl\/index.php\/wp-json\/wp\/v2\/types\/post"}],"author":[{"embeddable":true,"href":"https:\/\/ospc.com.pl\/index.php\/wp-json\/wp\/v2\/users\/3"}],"replies":[{"embeddable":true,"href":"https:\/\/ospc.com.pl\/index.php\/wp-json\/wp\/v2\/comments?post=570"}],"version-history":[{"count":1,"href":"https:\/\/ospc.com.pl\/index.php\/wp-json\/wp\/v2\/posts\/570\/revisions"}],"predecessor-version":[{"id":572,"href":"https:\/\/ospc.com.pl\/index.php\/wp-json\/wp\/v2\/posts\/570\/revisions\/572"}],"wp:attachment":[{"href":"https:\/\/ospc.com.pl\/index.php\/wp-json\/wp\/v2\/media?parent=570"}],"wp:term":[{"taxonomy":"category","embeddable":true,"href":"https:\/\/ospc.com.pl\/index.php\/wp-json\/wp\/v2\/categories?post=570"},{"taxonomy":"post_tag","embeddable":true,"href":"https:\/\/ospc.com.pl\/index.php\/wp-json\/wp\/v2\/tags?post=570"}],"curies":[{"name":"wp","href":"https:\/\/api.w.org\/{rel}","templated":true}]}}