{"id":580,"date":"2021-09-12T23:13:50","date_gmt":"2021-09-12T21:13:50","guid":{"rendered":"http:\/\/ospc.com.pl\/?p=580"},"modified":"2021-09-12T23:13:51","modified_gmt":"2021-09-12T21:13:51","slug":"9-milionow-zlotych-na-szkoly","status":"publish","type":"post","link":"https:\/\/ospc.com.pl\/index.php\/2021\/09\/12\/9-milionow-zlotych-na-szkoly\/","title":{"rendered":"9 milion\u00f3w z\u0142otych na szko\u0142y"},"content":{"rendered":"\n<figure class=\"wp-block-gallery columns-1 is-cropped\"><ul class=\"blocks-gallery-grid\"><li class=\"blocks-gallery-item\"><figure><a href=\"http:\/\/ospc.com.pl\/wp-content\/uploads\/2021\/09\/54334-scaled.jpg\"><img loading=\"lazy\" width=\"2560\" height=\"1707\" src=\"http:\/\/ospc.com.pl\/wp-content\/uploads\/2021\/09\/54334-scaled.jpg\" alt=\"\" data-id=\"581\" data-full-url=\"http:\/\/ospc.com.pl\/wp-content\/uploads\/2021\/09\/54334-scaled.jpg\" data-link=\"http:\/\/ospc.com.pl\/?attachment_id=581\" class=\"wp-image-581\" srcset=\"https:\/\/ospc.com.pl\/wp-content\/uploads\/2021\/09\/54334-scaled.jpg 2560w, https:\/\/ospc.com.pl\/wp-content\/uploads\/2021\/09\/54334-1536x1024.jpg 1536w, https:\/\/ospc.com.pl\/wp-content\/uploads\/2021\/09\/54334-2048x1365.jpg 2048w\" sizes=\"(max-width: 2560px) 100vw, 2560px\" \/><\/a><\/figure><\/li><\/ul><figcaption class=\"blocks-gallery-caption\">\u017ar\u00f3d\u0142o foto: czestochowa.pl<\/figcaption><\/figure>\n\n\n\n<p>Dziewi\u0119\u0107 milion\u00f3w z\u0142otych na termomodernizacj\u0119 cz\u0119stochowskich szk\u00f3\u0142 &#8211; tak\u0105 kwot\u0119 dofinansowania uda\u0142o si\u0119 wywalczy\u0107 z Europejskiego Funduszu Rozwoju Regionalnego. Obiekty u\u017cyteczno\u015bci publicznej, o kt\u00f3rych mowa to szko\u0142y:  II LO im. R. Traugutta, Szko\u0142a Podstawowa nr 36 przy ul. Kasztanowej i 42 przy Alei Armii Krajowej oraz Zesp\u00f3\u0142 Szkolno &#8211; Przedszkolny nr 3 przy ul. \u0141ukasi\u0144skiego. <\/p>\n\n\n\n<p>Szko\u0142y te wymagaj\u0105 ocieplenia \u015bcian zewn\u0119trznych, dach\u00f3w, \u015bcian fundamentowych, wymiany instalacji c.o. wraz z grzejnikami, wymiany instalacji elektrycznej z o\u015bwietleniem oraz cz\u0119\u015bciowej wymiany stolarki okiennej i drzwiowej, jak wynika z informacji podanej przez Urz\u0105d Miasta Cz\u0119stochowy.<\/p>\n\n\n\n<p>Roboty budowlane rozpoczynaj\u0105 si\u0119 we wrze\u015bniu i maj\u0105 potrwa\u0107 do listopada 2022 roku. Jeszcze w tym roku w planach jest oko\u0142o 20% prac, reszta ma zosta\u0107 uko\u0144czona ju\u017c w przysz\u0142ym. W\u0142odarze miasta podkre\u015blaj\u0105, \u017ce remonty maj\u0105 by\u0107 prowadzone w czasie roku szkolnego tak, \u017ceby nie zak\u0142\u00f3ca\u0107 normalnych zaj\u0119\u0107.<\/p>\n\n\n\n<p>To nie jedyna prace w plac\u00f3wkach o\u015bwiatowych. Opr\u00f3cz tych zaplanowanych trwa tak\u017ce dziewi\u0119\u0107 innych inwestycji termomodernizacyjnych. Chodzi o MP 7 przy ul. Mireckiego i MP 36 przy ul. Kukuczki, SP 17 na Rakowie, SP 19 przy Orlej, SP 34 przy D\u0105browskiej i Zesp\u00f3\u0142 Szk\u00f3\u0142 Ekonomicznych przy ul. \u015bw. Augustyna. Tu prace potrwaj\u0105 do ko\u0144ca tego roku. Remontowane s\u0105 tak\u017ce MP 38 na Parkitce, VIII LO Samorz\u0105dowe i IX LO im. Norwida &#8211; magistrat informuje, \u017ce remont b\u0119dzie trwa\u0142 tak\u017ce w przysz\u0142ym roku. Warto zaznaczy\u0107, \u017ce \u015brodki na ten cel pozyskane zosta\u0142y z rz\u0105dowego funduszu covidowego, a tak\u017ce ze \u015brodk\u00f3w w\u0142asnych, a \u2013 w przypadku MP 38 &#8211; tak\u017ce ze \u015brodk\u00f3w unijnych.<\/p>\n","protected":false},"excerpt":{"rendered":"<p>Dziewi\u0119\u0107 milion\u00f3w z\u0142otych na termomodernizacj\u0119 cz\u0119stochowskich szk\u00f3\u0142 &#8211; tak\u0105 kwot\u0119 dofinansowania uda\u0142o si\u0119 wywalczy\u0107 z Europejskiego Funduszu Rozwoju Regionalnego. Obiekty u\u017cyteczno\u015bci publicznej,&#8230;<\/p>\n","protected":false},"author":3,"featured_media":0,"comment_status":"open","ping_status":"open","sticky":false,"template":"","format":"standard","meta":[],"categories":[4],"tags":[],"jetpack_featured_media_url":"","_links":{"self":[{"href":"https:\/\/ospc.com.pl\/index.php\/wp-json\/wp\/v2\/posts\/580"}],"collection":[{"href":"https:\/\/ospc.com.pl\/index.php\/wp-json\/wp\/v2\/posts"}],"about":[{"href":"https:\/\/ospc.com.pl\/index.php\/wp-json\/wp\/v2\/types\/post"}],"author":[{"embeddable":true,"href":"https:\/\/ospc.com.pl\/index.php\/wp-json\/wp\/v2\/users\/3"}],"replies":[{"embeddable":true,"href":"https:\/\/ospc.com.pl\/index.php\/wp-json\/wp\/v2\/comments?post=580"}],"version-history":[{"count":1,"href":"https:\/\/ospc.com.pl\/index.php\/wp-json\/wp\/v2\/posts\/580\/revisions"}],"predecessor-version":[{"id":582,"href":"https:\/\/ospc.com.pl\/index.php\/wp-json\/wp\/v2\/posts\/580\/revisions\/582"}],"wp:attachment":[{"href":"https:\/\/ospc.com.pl\/index.php\/wp-json\/wp\/v2\/media?parent=580"}],"wp:term":[{"taxonomy":"category","embeddable":true,"href":"https:\/\/ospc.com.pl\/index.php\/wp-json\/wp\/v2\/categories?post=580"},{"taxonomy":"post_tag","embeddable":true,"href":"https:\/\/ospc.com.pl\/index.php\/wp-json\/wp\/v2\/tags?post=580"}],"curies":[{"name":"wp","href":"https:\/\/api.w.org\/{rel}","templated":true}]}}