{"id":608,"date":"2021-10-20T16:33:04","date_gmt":"2021-10-20T14:33:04","guid":{"rendered":"http:\/\/ospc.com.pl\/?p=608"},"modified":"2021-10-20T16:33:04","modified_gmt":"2021-10-20T14:33:04","slug":"jasna-gora-celebruje","status":"publish","type":"post","link":"https:\/\/ospc.com.pl\/index.php\/2021\/10\/20\/jasna-gora-celebruje\/","title":{"rendered":"Jasna G\u00f3ra celebruje"},"content":{"rendered":"\n<div class=\"wp-block-image\"><figure class=\"aligncenter size-large is-resized\"><a href=\"http:\/\/ospc.com.pl\/wp-content\/uploads\/2021\/10\/423260.jpg\"><img loading=\"lazy\" src=\"http:\/\/ospc.com.pl\/wp-content\/uploads\/2021\/10\/423260.jpg\" alt=\"\" class=\"wp-image-609\" width=\"289\" height=\"434\"\/><\/a><figcaption>\u017ar\u00f3d\u0142o: jasnagora.com<\/figcaption><\/figure><\/div>\n\n\n\n<p>Dok\u0142adnie sto lat temu na Jasn\u0105 G\u00f3r\u0119 przyby\u0142 marsza\u0142ek J\u00f3zef Pi\u0142sudski, w\u00f3wczas naczelnik pa\u0144stwa. Wsp\u00f3\u0142tw\u00f3rca polskiej niepodleg\u0142o\u015bci za zwyci\u0119stwo w wojnie polsko-bolszewickiej zm\u00f3wi\u0142 dzi\u0119kczynn\u0105 modlitw\u0119 w Cz\u0119stochowie. Z tej okazji dzi\u015b na Jasnej G\u00f3rze przedstawiciele Zwi\u0105zku Pi\u0142sudczyk\u00f3w Rzeczypospolitej Polskiej uczestniczyli w Mszy \u015bwi\u0119tej, kt\u00f3ra odprawiona zosta\u0142a w Kaplicy Matki Bo\u017cej. <\/p>\n\n\n\n<p>Ojcowie paulini przypominali, \u017ce 20 pa\u017adziernika 1921 roku J\u00f3zef Pi\u0142sudski zawierzy\u0142 Matce Bo\u017cej odrodzon\u0105 Ojczyzn\u0119. Powtarzali te\u017c jego s\u0142owa: &#8222;ja stary socjalista, gdy mam powzi\u0105\u0107 wa\u017cn\u0105 decyzj\u0119, to przedtem modl\u0119 si\u0119 do Matki Boskiej Ostrobramskiej&#8221;, poniewa\u017c marsza\u0142ek mia\u0142 szczeg\u00f3lne upodobanie do Maryi w Jej ostrobramskim i jasnog\u00f3rskim wizerunku. <\/p>\n\n\n\n<p>Zgodnie z histori\u0105, marsza\u0142ek Pi\u0142sudski mia\u0142 przyby\u0107 na Jasna G\u00f3r\u0119 rok wcze\u015bniej, w 1920 roku, wtedy chcia\u0142 dzi\u0119kowa\u0107 za \u201eCud nad Wis\u0142\u0105&#8221;. Finalnie pielgrzymka nie dosz\u0142a do skutku. Dokumenty zebrane w O\u015brodku Dokumentacji Dziej\u00f3w Cz\u0119stochowy dowodz\u0105, \u017ce faktycznie, by\u0142a planowana na na 12 wrze\u015bnia.<\/p>\n\n\n\n<p>By upami\u0119tni\u0107 ten niezwyk\u0142y dzie\u0144, kiedy Pi\u0142sudski pojawi\u0142 si\u0119 na Jasnej G\u00f3rze, z\u0142o\u017cy\u0142 wpis w klasztornej ksi\u0119dze. Jak czytamy na oficjalnej stronie Jasnej G\u00f3ry, w sierpniu 2016 roku z okazji dziewi\u0119\u0107dziesi\u0105tej pi\u0105tej rocznicy pielgrzymki Marsza\u0142ka Polski J\u00f3zefa Pi\u0142sudskiego na Jasn\u0105 G\u00f3r\u0119 zosta\u0142a ods\u0142oni\u0119ta i po\u015bwi\u0119cona specjalna pami\u0105tkowa tablica.<\/p>\n\n\n\n<p>Zwi\u0105zek Pi\u0142sudczyk\u00f3w Rzeczypospolitej Polskiej dociera na Jasn\u0105 G\u00f3r\u0119 od siedmiu lat. Jego przedstawiciele, zgodnie z tradycj\u0105,  do Cz\u0119stochowy dotarli tak\u017ce dzi\u015b, gdzie uroczy\u015bcie, modlitw\u0105 uczcili pami\u0119\u0107 dawnych wydarze\u0144. <\/p>\n\n\n\n<p><\/p>\n","protected":false},"excerpt":{"rendered":"<p>Dok\u0142adnie sto lat temu na Jasn\u0105 G\u00f3r\u0119 przyby\u0142 marsza\u0142ek J\u00f3zef Pi\u0142sudski, w\u00f3wczas naczelnik pa\u0144stwa. Wsp\u00f3\u0142tw\u00f3rca polskiej niepodleg\u0142o\u015bci za zwyci\u0119stwo w wojnie polsko-bolszewickiej&#8230;<\/p>\n","protected":false},"author":3,"featured_media":0,"comment_status":"open","ping_status":"open","sticky":false,"template":"","format":"standard","meta":[],"categories":[4],"tags":[],"jetpack_featured_media_url":"","_links":{"self":[{"href":"https:\/\/ospc.com.pl\/index.php\/wp-json\/wp\/v2\/posts\/608"}],"collection":[{"href":"https:\/\/ospc.com.pl\/index.php\/wp-json\/wp\/v2\/posts"}],"about":[{"href":"https:\/\/ospc.com.pl\/index.php\/wp-json\/wp\/v2\/types\/post"}],"author":[{"embeddable":true,"href":"https:\/\/ospc.com.pl\/index.php\/wp-json\/wp\/v2\/users\/3"}],"replies":[{"embeddable":true,"href":"https:\/\/ospc.com.pl\/index.php\/wp-json\/wp\/v2\/comments?post=608"}],"version-history":[{"count":1,"href":"https:\/\/ospc.com.pl\/index.php\/wp-json\/wp\/v2\/posts\/608\/revisions"}],"predecessor-version":[{"id":610,"href":"https:\/\/ospc.com.pl\/index.php\/wp-json\/wp\/v2\/posts\/608\/revisions\/610"}],"wp:attachment":[{"href":"https:\/\/ospc.com.pl\/index.php\/wp-json\/wp\/v2\/media?parent=608"}],"wp:term":[{"taxonomy":"category","embeddable":true,"href":"https:\/\/ospc.com.pl\/index.php\/wp-json\/wp\/v2\/categories?post=608"},{"taxonomy":"post_tag","embeddable":true,"href":"https:\/\/ospc.com.pl\/index.php\/wp-json\/wp\/v2\/tags?post=608"}],"curies":[{"name":"wp","href":"https:\/\/api.w.org\/{rel}","templated":true}]}}