{"id":624,"date":"2021-10-27T23:31:42","date_gmt":"2021-10-27T21:31:42","guid":{"rendered":"http:\/\/ospc.com.pl\/?p=624"},"modified":"2021-10-27T23:31:43","modified_gmt":"2021-10-27T21:31:43","slug":"nowe-miejsce-poswiecone-papiezowi-polakowi","status":"publish","type":"post","link":"https:\/\/ospc.com.pl\/index.php\/2021\/10\/27\/nowe-miejsce-poswiecone-papiezowi-polakowi\/","title":{"rendered":"Nowe miejsce po\u015bwi\u0119cone Papie\u017cowi Polakowi"},"content":{"rendered":"\n<figure class=\"wp-block-image size-large\"><a href=\"http:\/\/ospc.com.pl\/wp-content\/uploads\/2021\/10\/jasna-g.jpg\"><img loading=\"lazy\" width=\"603\" height=\"452\" src=\"http:\/\/ospc.com.pl\/wp-content\/uploads\/2021\/10\/jasna-g.jpg\" alt=\"\" class=\"wp-image-625\"\/><\/a><figcaption>\u017ar\u00f3d\u0142o: jasnagora.com<\/figcaption><\/figure>\n\n\n\n<p>\u015aw. Jan Pawe\u0142 II ma na Jasnej G\u00f3rze swoje nowe miejsce. Prace trwaj\u0105ce pi\u0119\u0107 lat wreszcie dobieg\u0142y ko\u0144ca. Od kilku dni wyj\u0105tkowa kaplica jest dost\u0119pna dla pielgrzym\u00f3w. <\/p>\n\n\n\n<p>Mowa o Kaplicy Jana Paw\u0142a II, kt\u00f3r\u0105 oficjalnie otwarto w niedziel\u0119. Uroczystego po\u015bwi\u0119cenia dokona\u0142 o. Samuel Pacholski, przeor Jasnej G\u00f3ry oraz o. Arnold Chrapkowski, genera\u0142 Zakonu Ojc\u00f3w Paulin\u00f3w. W uroczysto\u015bciach brali udzia\u0142 tak\u017ce delegaci w\u0119gierskiego zakonu. <\/p>\n\n\n\n<p>Kaplica Papie\u017ca Polaka powsta\u0142a na miejscu dawnej kaplicy. Od 2016 roku trwa\u0142 tam remont generalny. Dzi\u015b, po zmianach na \u015bcianach widnieje wapienny kamie\u0144, a lukarny zdobi\u0105 herby Jana Paw\u0142a II, zakonu paulin\u00f3w oraz znak maryjny. W samym centrum nowej kaplicy znajduje si\u0119 niewielki o\u0142tarz i ambona. To miejsce szczeg\u00f3lne dla tego miejsca, bo w\u0142a\u015bnie przy o\u0142tarzu s\u0105 relikwie Jana Paw\u0142a II. <\/p>\n\n\n\n<p>Przy o\u0142tarzu umieszczony zosta\u0142 relikwiarz z krwi\u0105 papie\u017ca i jego \u201eTotus Tuus\u201d &#8211; \u201eCa\u0142y tw\u00f3j Maryjo\u201d. Obok stoi replika krzy\u017ca &#8211; pastora\u0142u, kt\u00f3ry jest znakiem papieskiej pos\u0142ugi i w\u0142adzy. Pastora\u0142 taki  Ojciec \u015awi\u0119ty ofiarowa\u0142 na Jasn\u0105 G\u00f3r\u0119 w 1983 roku. <\/p>\n\n\n\n<p>Karol Wojty\u0142a, p\u00f3\u017aniej Jan Pawe\u0142 II, ma w Cz\u0119stochowie miejsce wyj\u0105tkowe. Pe\u0142no tu nawi\u0105za\u0144, pami\u0105tek i miejsc po\u015bwi\u0119conych postaci papie\u017ca. To na Jasnej G\u00f3rze znale\u017a\u0107 mo\u017cna jego rower kolarski czy czarne BMW E34. Samoch\u00f3d zosta\u0142 przekazany na Jasn\u0105 G\u00f3r\u0119 w 2010 roku przez kardyna\u0142a Stanis\u0142awa Dziwisza, dzi\u015b mo\u017cna je ogl\u0105da\u0107 w nowej cz\u0119\u015bci Bastionu \u015bw. Rocha.<\/p>\n\n\n\n<p>Najwa\u017cniejsze jednak, jak podkre\u015blali ojcowie paulini, jest duchowe dziedzictwo papie\u017ca, jego nauki i s\u0142owa, kt\u00f3re do dzi\u015b inspiruj\u0105 i stanowi\u0105 drogowskaz. <\/p>\n\n\n\n<p><\/p>\n","protected":false},"excerpt":{"rendered":"<p>\u015aw. Jan Pawe\u0142 II ma na Jasnej G\u00f3rze swoje nowe miejsce. Prace trwaj\u0105ce pi\u0119\u0107 lat wreszcie dobieg\u0142y ko\u0144ca. Od kilku dni wyj\u0105tkowa&#8230;<\/p>\n","protected":false},"author":3,"featured_media":0,"comment_status":"open","ping_status":"open","sticky":false,"template":"","format":"standard","meta":[],"categories":[4],"tags":[],"jetpack_featured_media_url":"","_links":{"self":[{"href":"https:\/\/ospc.com.pl\/index.php\/wp-json\/wp\/v2\/posts\/624"}],"collection":[{"href":"https:\/\/ospc.com.pl\/index.php\/wp-json\/wp\/v2\/posts"}],"about":[{"href":"https:\/\/ospc.com.pl\/index.php\/wp-json\/wp\/v2\/types\/post"}],"author":[{"embeddable":true,"href":"https:\/\/ospc.com.pl\/index.php\/wp-json\/wp\/v2\/users\/3"}],"replies":[{"embeddable":true,"href":"https:\/\/ospc.com.pl\/index.php\/wp-json\/wp\/v2\/comments?post=624"}],"version-history":[{"count":1,"href":"https:\/\/ospc.com.pl\/index.php\/wp-json\/wp\/v2\/posts\/624\/revisions"}],"predecessor-version":[{"id":626,"href":"https:\/\/ospc.com.pl\/index.php\/wp-json\/wp\/v2\/posts\/624\/revisions\/626"}],"wp:attachment":[{"href":"https:\/\/ospc.com.pl\/index.php\/wp-json\/wp\/v2\/media?parent=624"}],"wp:term":[{"taxonomy":"category","embeddable":true,"href":"https:\/\/ospc.com.pl\/index.php\/wp-json\/wp\/v2\/categories?post=624"},{"taxonomy":"post_tag","embeddable":true,"href":"https:\/\/ospc.com.pl\/index.php\/wp-json\/wp\/v2\/tags?post=624"}],"curies":[{"name":"wp","href":"https:\/\/api.w.org\/{rel}","templated":true}]}}