{"id":627,"date":"2021-10-27T23:51:57","date_gmt":"2021-10-27T21:51:57","guid":{"rendered":"http:\/\/ospc.com.pl\/?p=627"},"modified":"2021-10-27T23:51:58","modified_gmt":"2021-10-27T21:51:58","slug":"promenada-srodmiejska-doceniona","status":"publish","type":"post","link":"https:\/\/ospc.com.pl\/index.php\/2021\/10\/27\/promenada-srodmiejska-doceniona\/","title":{"rendered":"Promenada \u015ar\u00f3dmiejska doceniona!"},"content":{"rendered":"\n<figure class=\"wp-block-image size-large\"><a href=\"http:\/\/ospc.com.pl\/wp-content\/uploads\/2021\/10\/55083-c.jpg\"><img loading=\"lazy\" width=\"2400\" height=\"1600\" src=\"http:\/\/ospc.com.pl\/wp-content\/uploads\/2021\/10\/55083-c.jpg\" alt=\"\" class=\"wp-image-628\" srcset=\"https:\/\/ospc.com.pl\/wp-content\/uploads\/2021\/10\/55083-c.jpg 2400w, https:\/\/ospc.com.pl\/wp-content\/uploads\/2021\/10\/55083-c-1536x1024.jpg 1536w, https:\/\/ospc.com.pl\/wp-content\/uploads\/2021\/10\/55083-c-2048x1365.jpg 2048w\" sizes=\"(max-width: 2400px) 100vw, 2400px\" \/><\/a><figcaption>\u017ar\u00f3d\u0142o: czestochowa.pl<\/figcaption><\/figure>\n\n\n\n<p>Cz\u0119stochowa zmienia si\u0119 na naszych oczach &#8211; w mie\u015bcie pojawia si\u0119 coraz wi\u0119cej zmodernizowanych i odbudowanych miejsc, kt\u00f3re zmieniaj\u0105 swoje oblicza. Tak zmieni\u0142 si\u0119 niedawno Stary Rynek, tak zmieni\u0142o si\u0119 tak\u017ce \u015ar\u00f3dmie\u015bcie, gdzie powsta\u0142a zupe\u0142nie nowa \u015ar\u00f3dmiejska Promenada. Miejsce dzi\u015b ch\u0119tnie oblegane przez mieszka\u0144c\u00f3w. <\/p>\n\n\n\n<p>Inwestycja ta dobieg\u0142a ko\u0144ca w zesz\u0142ym roku, a ju\u017c zauwa\u017cono j\u0105 w nie tylko w mie\u015bcie, ale i w kraju. Instytut Badawczy Dr\u00f3g i Most\u00f3w w ramach og\u00f3lnopolskiego konkursu ,,Modernizacja Roku i Budowa XXI wieku\u201d postanowi\u0142 doceni\u0107 projekt promenady i wyr\u00f3\u017cni\u0107 efekt ko\u0144cowy. <\/p>\n\n\n\n<p>Jak wynika z informacji podanych przez Biuro Prasowe Urz\u0119du Miasta Cz\u0119stochowy, taka nagroda to forma docenienia pracy i zaanga\u017cowania Gminy Miasta Cz\u0119stochowy w przygotowanie i realizacj\u0119 budowy Promenady \u015ar\u00f3dmiejskiej, ocenionej jako ,,znacz\u0105cy wk\u0142ad w rozw\u00f3j miasta\u201d.<\/p>\n\n\n\n<p>Miasto otrzyma\u0142o tak\u017ce uzasadnienie podpisane przez dyrektora Instytutu Badawczego Dr\u00f3g i Most\u00f3w dra in\u017c. Mariusza Urba\u0144skiego, kt\u00f3ry napisa\u0142, \u017ce &#8222;przy projektowaniu wzi\u0119to pod uwag\u0119 potrzeby os\u00f3b w ka\u017cdym wieku, w tym tak\u017ce os\u00f3b z niepe\u0142nosprawno\u015bciami. Zosta\u0142y wydzielone strefy o odr\u0119bnych funkcjach \u2013 wypoczynku czynnego, cichego oraz integracji spo\u0142ecznej. Tym samym mieszka\u0144cy zyskali nieszablonowe miejsce wypoczynku i rekreacji w centrum miasta.&#8221;<\/p>\n\n\n\n<p>Og\u00f3lnopolski Konkurs Budowlany ,,Modernizacja Roku &amp; Budowa XXI wieku\u201d ma wy\u0142ania\u0107 i wyr\u00f3\u017cnia\u0107 takie przedsi\u0119wzi\u0119cia, kt\u00f3re charakteryzuj\u0105 si\u0119 szczeg\u00f3lnymi walorami. Bior\u0105 w nim udzia\u0142 nowo wybudowane obiekty, ale konkurs ma za zadanie tak\u017ce wsparcie i ratowanie budowli stanowi\u0105cych dziedzictwo narodowe. Organizatorem konkursu jest Stowarzyszenie Ochrony Narodowego Dziedzictwa Materialnego. W\u015br\u00f3d jury s\u0105 tak\u017ce reprezentanci ministerstw, centralnych instytucji, uczelni i jednostek naukowych, a prace juror\u00f3w wspomagaj\u0105 inspektorzy nadzoru budowlanego. Gala wr\u0119czania nagr\u00f3d odbywa si\u0119 w Warszawie.<\/p>\n\n\n\n<p>Promenada \u015ar\u00f3dmiejska ma powierzchni\u0119 ponad trzynastu tysi\u0119cy metr\u00f3w kwadratowych. Poch\u0142on\u0119\u0142a prawie sze\u015b\u0107 i p\u00f3\u0142 miliona z\u0142otych. Zosta\u0142a otwarta w listopadzie 2020 roku. Nadano jej imi\u0119  Olgi Aleksandry Sipowicz ,,Kory\u201d czyli liderki grupy Maanam. Decyzj\u0119 o wyborze tej patronki podj\u0119\u0142a pod koniec czerwca Rada Miasta Cz\u0119stochowy.<\/p>\n\n\n\n<p><\/p>\n","protected":false},"excerpt":{"rendered":"<p>Cz\u0119stochowa zmienia si\u0119 na naszych oczach &#8211; w mie\u015bcie pojawia si\u0119 coraz wi\u0119cej zmodernizowanych i odbudowanych miejsc, kt\u00f3re zmieniaj\u0105 swoje oblicza. Tak&#8230;<\/p>\n","protected":false},"author":3,"featured_media":0,"comment_status":"open","ping_status":"open","sticky":false,"template":"","format":"standard","meta":[],"categories":[4],"tags":[],"jetpack_featured_media_url":"","_links":{"self":[{"href":"https:\/\/ospc.com.pl\/index.php\/wp-json\/wp\/v2\/posts\/627"}],"collection":[{"href":"https:\/\/ospc.com.pl\/index.php\/wp-json\/wp\/v2\/posts"}],"about":[{"href":"https:\/\/ospc.com.pl\/index.php\/wp-json\/wp\/v2\/types\/post"}],"author":[{"embeddable":true,"href":"https:\/\/ospc.com.pl\/index.php\/wp-json\/wp\/v2\/users\/3"}],"replies":[{"embeddable":true,"href":"https:\/\/ospc.com.pl\/index.php\/wp-json\/wp\/v2\/comments?post=627"}],"version-history":[{"count":1,"href":"https:\/\/ospc.com.pl\/index.php\/wp-json\/wp\/v2\/posts\/627\/revisions"}],"predecessor-version":[{"id":629,"href":"https:\/\/ospc.com.pl\/index.php\/wp-json\/wp\/v2\/posts\/627\/revisions\/629"}],"wp:attachment":[{"href":"https:\/\/ospc.com.pl\/index.php\/wp-json\/wp\/v2\/media?parent=627"}],"wp:term":[{"taxonomy":"category","embeddable":true,"href":"https:\/\/ospc.com.pl\/index.php\/wp-json\/wp\/v2\/categories?post=627"},{"taxonomy":"post_tag","embeddable":true,"href":"https:\/\/ospc.com.pl\/index.php\/wp-json\/wp\/v2\/tags?post=627"}],"curies":[{"name":"wp","href":"https:\/\/api.w.org\/{rel}","templated":true}]}}