{"id":661,"date":"2021-11-07T02:56:41","date_gmt":"2021-11-07T01:56:41","guid":{"rendered":"http:\/\/ospc.com.pl\/?p=661"},"modified":"2021-11-08T01:16:28","modified_gmt":"2021-11-08T00:16:28","slug":"studio-planowania-w-galerii-jurajskiej","status":"publish","type":"post","link":"https:\/\/ospc.com.pl\/index.php\/2021\/11\/07\/studio-planowania-w-galerii-jurajskiej\/","title":{"rendered":"Studio planowania w Galerii Jurajskiej"},"content":{"rendered":"\n<figure class=\"wp-block-gallery columns-0 is-cropped\"><ul class=\"blocks-gallery-grid\"><\/ul><\/figure>\n\n\n\n<p>Pisali\u015bmy ostatnio, \u017ce w Galerii Jurajskiej pojawi si\u0119 IKEA. I tak te\u017c si\u0119 sta\u0142o. Ale to nietypowy, nowy rodzaj sklepu &#8211; studio planowania, w dodatku pierwsze takie w wojew\u00f3dztwie \u015bl\u0105skim. <\/p>\n\n\n\n<p>Szwedzka marka testuje w ten spos\u00f3b nowy format &#8211; studio planowania ma by\u0107 miejscem spotka\u0144 z klientami, w kt\u00f3rym b\u0119dzie mo\u017cna urz\u0105dzi\u0107 sw\u00f3j dom, przejrze\u0107 ofert\u0119, wybra\u0107 z asortymentu najbardziej potrzebne rzeczy i z\u0142o\u017cy\u0107 zam\u00f3wienie do Punktu Odbioru Zam\u00f3wie\u0144. <\/p>\n\n\n\n<p>Na nowe studio znajduj\u0105ce si\u0119 w cz\u0119stochowskiej galerii przeznaczono niemal sto metr\u00f3w kwadratowych powierzchni. Do studia planowania mog\u0105 uda\u0107 si\u0119 ci, kt\u00f3rzy potrzebuj\u0105 tak\u017ce doradztwa z wyposa\u017cenia wn\u0119trz. To miejsce spotka\u0144 klient\u00f3w i projektant\u00f3w. W studiu planowania Na miejscu b\u0119dzie mo\u017cna skorzysta\u0107 z us\u0142ug i doradztwa w kwestii wyposa\u017cenia wn\u0119trz. <\/p>\n\n\n\n<p>Warto wspomnie\u0107, \u017ce od listopada opr\u00f3cz Studia Planowania dzia\u0142a tak\u017ce Punkt Odbioru Zam\u00f3wie\u0144 IKEA przy ul. B\u00f3r 67\/69. Nast\u0119pne takie studio ma si\u0119 pojawi\u0107 w Bielsku &#8211; Bia\u0142ej. <\/p>\n","protected":false},"excerpt":{"rendered":"<p>Pisali\u015bmy ostatnio, \u017ce w Galerii Jurajskiej pojawi si\u0119 IKEA. I tak te\u017c si\u0119 sta\u0142o. Ale to nietypowy, nowy rodzaj sklepu &#8211; studio&#8230;<\/p>\n","protected":false},"author":3,"featured_media":0,"comment_status":"open","ping_status":"open","sticky":false,"template":"","format":"standard","meta":[],"categories":[4],"tags":[],"jetpack_featured_media_url":"","_links":{"self":[{"href":"https:\/\/ospc.com.pl\/index.php\/wp-json\/wp\/v2\/posts\/661"}],"collection":[{"href":"https:\/\/ospc.com.pl\/index.php\/wp-json\/wp\/v2\/posts"}],"about":[{"href":"https:\/\/ospc.com.pl\/index.php\/wp-json\/wp\/v2\/types\/post"}],"author":[{"embeddable":true,"href":"https:\/\/ospc.com.pl\/index.php\/wp-json\/wp\/v2\/users\/3"}],"replies":[{"embeddable":true,"href":"https:\/\/ospc.com.pl\/index.php\/wp-json\/wp\/v2\/comments?post=661"}],"version-history":[{"count":1,"href":"https:\/\/ospc.com.pl\/index.php\/wp-json\/wp\/v2\/posts\/661\/revisions"}],"predecessor-version":[{"id":662,"href":"https:\/\/ospc.com.pl\/index.php\/wp-json\/wp\/v2\/posts\/661\/revisions\/662"}],"wp:attachment":[{"href":"https:\/\/ospc.com.pl\/index.php\/wp-json\/wp\/v2\/media?parent=661"}],"wp:term":[{"taxonomy":"category","embeddable":true,"href":"https:\/\/ospc.com.pl\/index.php\/wp-json\/wp\/v2\/categories?post=661"},{"taxonomy":"post_tag","embeddable":true,"href":"https:\/\/ospc.com.pl\/index.php\/wp-json\/wp\/v2\/tags?post=661"}],"curies":[{"name":"wp","href":"https:\/\/api.w.org\/{rel}","templated":true}]}}