{"id":728,"date":"2021-12-07T00:40:34","date_gmt":"2021-12-06T23:40:34","guid":{"rendered":"http:\/\/ospc.com.pl\/?p=728"},"modified":"2021-12-07T00:40:35","modified_gmt":"2021-12-06T23:40:35","slug":"wystawa-na-jubileusz","status":"publish","type":"post","link":"https:\/\/ospc.com.pl\/index.php\/2021\/12\/07\/wystawa-na-jubileusz\/","title":{"rendered":"Wystawa na jubileusz"},"content":{"rendered":"\n<p>Ju\u017c po raz czterdziesty cz\u0119stochowscy arty\u015bci wystawiaj\u0105 swoje prace. Cz\u0142onkowie Cz\u0119stochowskiego Stowarzyszenia Plastyk\u00f3w im. Jerzego Dudy-Gracza dziel\u0105 si\u0119 swoj\u0105 tw\u00f3rczo\u015bci\u0105 w parkowym pawilonie Muzeum Cz\u0119stochowskiego. Jubileuszowo. <\/p>\n\n\n\n<figure class=\"wp-block-image size-large\"><a href=\"http:\/\/ospc.com.pl\/wp-content\/uploads\/2021\/12\/z27858639V-Miec-pasje-40-Jubileuszowa-Wystawa-Malarstwa-.jpg\"><img loading=\"lazy\" width=\"960\" height=\"640\" src=\"http:\/\/ospc.com.pl\/wp-content\/uploads\/2021\/12\/z27858639V-Miec-pasje-40-Jubileuszowa-Wystawa-Malarstwa-.jpg\" alt=\"\" class=\"wp-image-729\"\/><\/a><figcaption>\u017ar\u00f3d\u0142o: Muzeum Cz\u0119stochowskie<\/figcaption><\/figure>\n\n\n\n<p>Jak zawsze, wystawa cz\u0119stochowskim plastyk\u00f3w jest wa\u017cnym wydarzeniem w kalendarium kulturalnym miasta. Wystawa przyci\u0105ga du\u017ce grono odbiorc\u00f3w, kt\u00f3re ch\u0119tnie dyskutuje i wymienia si\u0119 opiniami. Utar\u0142o si\u0119 ju\u017c nawet przekonanie, \u017ce wystawa Cz\u0119stochowskiego Stowarzyszenia Plastyk\u00f3w im. Jerzego Dudy-Gracza jest wydarzeniem artystycznym dla ludzi w r\u00f3\u017cnym wieku i r\u00f3\u017cnych profesji. Rzecz by mo\u017cna wi\u0119c, \u017ce sztuka \u0142\u0105czy pokolenia.<\/p>\n\n\n\n<p>I tak faktycznie jest. Wystarczy spojrze\u0107 na histori\u0119 stowarzyszenia. Cz\u0119stochowska grupa plastyk\u00f3w dzia\u0142a od 1981 roku. Z jej funkcjonowaniem zwi\u0105zane s\u0105 nie tylko wystawy obraz\u00f3w, ale tak\u017ce warsztaty i plenery artystyczne, kt\u00f3re kszta\u0142c\u0105, szlifuj\u0105, udoskonalaj\u0105 i przede wszystkim zrzeszaj\u0105 \u015brodowisko mi\u0142o\u015bnik\u00f3w sztuki w mie\u015bcie. <\/p>\n\n\n\n<p>Co ciekawe, mimo istnienia ju\u017c czterdzie\u015bci lat, dopiero w 2005 roku stowarzyszenie podj\u0119\u0142o decyzj\u0119 o patronie wybieraj\u0105c Jerzego Dud\u0119-Gracza \u2013 artyst\u0119 zwi\u0105zanego z naszym miastem. By\u0142 wzi\u0119tym malarzem, rysownikiem i scenografem.<\/p>\n\n\n\n<p>W stowarzyszeniu dzia\u0142a aktualnie siedemdziesi\u0119ciu plastyk\u00f3w, na jego czele stoi Ewa Powro\u017anik.<\/p>\n\n\n\n<p>Jubileuszowa Wystawa Malarstwa Cz\u0119stochowskiego Stowarzyszenia Plastyk\u00f3w im. J. Dudy-Gracza dost\u0119pna jest do zwiedzania do 16 stycznia 2022 roku. <\/p>\n\n\n\n<p><\/p>\n","protected":false},"excerpt":{"rendered":"<p>Ju\u017c po raz czterdziesty cz\u0119stochowscy arty\u015bci wystawiaj\u0105 swoje prace. Cz\u0142onkowie Cz\u0119stochowskiego Stowarzyszenia Plastyk\u00f3w im. Jerzego Dudy-Gracza dziel\u0105 si\u0119 swoj\u0105 tw\u00f3rczo\u015bci\u0105 w parkowym&#8230;<\/p>\n","protected":false},"author":3,"featured_media":0,"comment_status":"open","ping_status":"open","sticky":false,"template":"","format":"standard","meta":[],"categories":[4],"tags":[],"jetpack_featured_media_url":"","_links":{"self":[{"href":"https:\/\/ospc.com.pl\/index.php\/wp-json\/wp\/v2\/posts\/728"}],"collection":[{"href":"https:\/\/ospc.com.pl\/index.php\/wp-json\/wp\/v2\/posts"}],"about":[{"href":"https:\/\/ospc.com.pl\/index.php\/wp-json\/wp\/v2\/types\/post"}],"author":[{"embeddable":true,"href":"https:\/\/ospc.com.pl\/index.php\/wp-json\/wp\/v2\/users\/3"}],"replies":[{"embeddable":true,"href":"https:\/\/ospc.com.pl\/index.php\/wp-json\/wp\/v2\/comments?post=728"}],"version-history":[{"count":1,"href":"https:\/\/ospc.com.pl\/index.php\/wp-json\/wp\/v2\/posts\/728\/revisions"}],"predecessor-version":[{"id":730,"href":"https:\/\/ospc.com.pl\/index.php\/wp-json\/wp\/v2\/posts\/728\/revisions\/730"}],"wp:attachment":[{"href":"https:\/\/ospc.com.pl\/index.php\/wp-json\/wp\/v2\/media?parent=728"}],"wp:term":[{"taxonomy":"category","embeddable":true,"href":"https:\/\/ospc.com.pl\/index.php\/wp-json\/wp\/v2\/categories?post=728"},{"taxonomy":"post_tag","embeddable":true,"href":"https:\/\/ospc.com.pl\/index.php\/wp-json\/wp\/v2\/tags?post=728"}],"curies":[{"name":"wp","href":"https:\/\/api.w.org\/{rel}","templated":true}]}}