{"id":757,"date":"2021-12-20T00:48:28","date_gmt":"2021-12-19T23:48:28","guid":{"rendered":"http:\/\/ospc.com.pl\/?p=757"},"modified":"2021-12-20T00:48:28","modified_gmt":"2021-12-19T23:48:28","slug":"czestochowa-za-wolnymi-mediami","status":"publish","type":"post","link":"https:\/\/ospc.com.pl\/index.php\/2021\/12\/20\/czestochowa-za-wolnymi-mediami\/","title":{"rendered":"Cz\u0119stochowa za wolnymi mediami"},"content":{"rendered":"\n<figure class=\"wp-block-image size-large\"><a href=\"http:\/\/ospc.com.pl\/wp-content\/uploads\/2021\/12\/unnamed.png\"><img loading=\"lazy\" width=\"512\" height=\"345\" src=\"http:\/\/ospc.com.pl\/wp-content\/uploads\/2021\/12\/unnamed.png\" alt=\"\" class=\"wp-image-758\"\/><\/a><figcaption>\u017ar\u00f3d\u0142o: tvn24.pl<\/figcaption><\/figure>\n\n\n\n<p>Cz\u0119stochowa do\u0142\u0105czy\u0142a si\u0119 do og\u00f3lnopolskiego protestu w sprawie wolnych medi\u00f3w. <\/p>\n\n\n\n<p>Weekend w mie\u015bcie by\u0142 gor\u0105cy za spraw\u0105 mieszka\u0144c\u00f3w, kt\u00f3rzy po raz kolejny wyszli na ulic\u0119, by wyrazi\u0107 swoje zdanie na temat kontrowersyjnej ustawy. Przed s\u0105dem w Cz\u0119stochowie manifestowano przeciwko przyj\u0119tej przez Sejm ustawy tzw. Lex TVN, cz\u0119stochowianie wyst\u0105pili w obronie wolnych medi\u00f3w.<\/p>\n\n\n\n<p>Z kolei na Placu Biega\u0144skiego zbierano podpisy pod apelem w\u0142adz TVN. Jak czytamy na stronie tvn24, &#8222;17 grudnia Sejm uchwali\u0142 ustaw\u0119 LEX TVN. Jest to atak na wolne media, kt\u00f3ry ma pozbawi\u0107 Pa\u0144stwa mo\u017cliwo\u015bci ogl\u0105dania wszystkich kana\u0142\u00f3w TVN. Prosimy o podpisanie apelu w obronie stacji.<br \/>Dzi\u0119kujemy za wsparcie. Wolne media s\u0105 fundamentem demokracji. Chc\u0119, by decyzja o tym, kt\u00f3ry kana\u0142 telewizyjny ogl\u0105dam, nale\u017ca\u0142a wy\u0142\u0105cznie do mnie. Chc\u0119 mie\u0107 dost\u0119p do r\u00f3\u017cnorodnych informacji, program\u00f3w i rozrywki. Atak na wolno\u015b\u0107 medi\u00f3w ma daleko id\u0105ce konsekwencje dla przysz\u0142o\u015bci Polski. Niszczone s\u0105 wzajemne relacje z USA, najwi\u0119kszym sojusznikiem i gwarantem bezpiecze\u0144stwa naszego kraju. Nie mo\u017cemy na to pozwoli\u0107! Potrzebujemy silnej, opartej na zaufaniu wsp\u00f3\u0142pracy z mi\u0119dzynarodowymi partnerami. W zwi\u0105zku z tym apeluj\u0119 do Prezydenta RP Andrzeja Dudy, aby niezw\u0142ocznie zawetowa\u0142 LEX TVN.&#8221; &#8211; tak brzmi pe\u0142ny tekst apelu, do kt\u00f3rego do\u0142\u0105czyli si\u0119 dzi\u015b tak\u017ce cz\u0119stochowianie oraz Obywatelskie Stowarzyszenie Przyjaci\u00f3\u0142 Cz\u0119stochowy. <\/p>\n\n\n\n<p><br \/><\/p>\n\n\n\n<p><\/p>\n","protected":false},"excerpt":{"rendered":"<p>Cz\u0119stochowa do\u0142\u0105czy\u0142a si\u0119 do og\u00f3lnopolskiego protestu w sprawie wolnych medi\u00f3w. Weekend w mie\u015bcie by\u0142 gor\u0105cy za spraw\u0105 mieszka\u0144c\u00f3w, kt\u00f3rzy po raz kolejny&#8230;<\/p>\n","protected":false},"author":3,"featured_media":0,"comment_status":"open","ping_status":"open","sticky":false,"template":"","format":"standard","meta":[],"categories":[4],"tags":[],"jetpack_featured_media_url":"","_links":{"self":[{"href":"https:\/\/ospc.com.pl\/index.php\/wp-json\/wp\/v2\/posts\/757"}],"collection":[{"href":"https:\/\/ospc.com.pl\/index.php\/wp-json\/wp\/v2\/posts"}],"about":[{"href":"https:\/\/ospc.com.pl\/index.php\/wp-json\/wp\/v2\/types\/post"}],"author":[{"embeddable":true,"href":"https:\/\/ospc.com.pl\/index.php\/wp-json\/wp\/v2\/users\/3"}],"replies":[{"embeddable":true,"href":"https:\/\/ospc.com.pl\/index.php\/wp-json\/wp\/v2\/comments?post=757"}],"version-history":[{"count":1,"href":"https:\/\/ospc.com.pl\/index.php\/wp-json\/wp\/v2\/posts\/757\/revisions"}],"predecessor-version":[{"id":759,"href":"https:\/\/ospc.com.pl\/index.php\/wp-json\/wp\/v2\/posts\/757\/revisions\/759"}],"wp:attachment":[{"href":"https:\/\/ospc.com.pl\/index.php\/wp-json\/wp\/v2\/media?parent=757"}],"wp:term":[{"taxonomy":"category","embeddable":true,"href":"https:\/\/ospc.com.pl\/index.php\/wp-json\/wp\/v2\/categories?post=757"},{"taxonomy":"post_tag","embeddable":true,"href":"https:\/\/ospc.com.pl\/index.php\/wp-json\/wp\/v2\/tags?post=757"}],"curies":[{"name":"wp","href":"https:\/\/api.w.org\/{rel}","templated":true}]}}