{"id":869,"date":"2022-02-08T15:59:03","date_gmt":"2022-02-08T14:59:03","guid":{"rendered":"http:\/\/ospc.com.pl\/?p=869"},"modified":"2022-02-08T15:59:03","modified_gmt":"2022-02-08T14:59:03","slug":"wojowniczka-wrocila-do-polski","status":"publish","type":"post","link":"https:\/\/ospc.com.pl\/index.php\/2022\/02\/08\/wojowniczka-wrocila-do-polski\/","title":{"rendered":"Wojowniczka wr\u00f3ci\u0142a do Polski"},"content":{"rendered":"\n<p>Obserwujemy i kibicujemy walecznej Agatce Kuberskiej w walce z rakiem. Towarzyszymy jej, jak niemal wszyscy, na ka\u017cdym kroku d\u0142ugiej podr\u00f3\u017cy po zdrowie. Zach\u0119camy do wspierania zbi\u00f3rki, pisania s\u0142\u00f3w wsparcia i otuchy oraz przekazujemy na bie\u017c\u0105co informacje o ma\u0142ej, dzielnej dziewczynce z Cz\u0119stochowy. <\/p>\n\n\n\n<figure class=\"wp-block-image size-large\"><a href=\"http:\/\/ospc.com.pl\/wp-content\/uploads\/2022\/02\/agatka-kuberska.jpg\"><img loading=\"lazy\" width=\"960\" height=\"960\" src=\"http:\/\/ospc.com.pl\/wp-content\/uploads\/2022\/02\/agatka-kuberska.jpg\" alt=\"\" class=\"wp-image-870\" srcset=\"https:\/\/ospc.com.pl\/wp-content\/uploads\/2022\/02\/agatka-kuberska.jpg 960w, https:\/\/ospc.com.pl\/wp-content\/uploads\/2022\/02\/agatka-kuberska-75x75@2x.jpg 150w, https:\/\/ospc.com.pl\/wp-content\/uploads\/2022\/02\/agatka-kuberska-75x75.jpg 75w, https:\/\/ospc.com.pl\/wp-content\/uploads\/2022\/02\/agatka-kuberska-300x300.jpg 300w, https:\/\/ospc.com.pl\/wp-content\/uploads\/2022\/02\/agatka-kuberska-300x300@2x.jpg 600w\" sizes=\"(max-width: 960px) 100vw, 960px\" \/><\/a><figcaption>\u017ar\u00f3d\u0142o: Facebook Kasiarzyna Kuberska\/Waleczna Agatka<\/figcaption><\/figure>\n\n\n\n<p>Na jej profilu na Facebooku w\u0142a\u015bnie pojawi\u0142 si\u0119 kolejny post z informacj\u0105, \u017ce Agatka Kuberska jest ju\u017c w Polsce. <\/p>\n\n\n\n<p>Czytamy: <\/p>\n\n\n\n<p>&#8222;<em>Agata dzi\u015b wr\u00f3ci\u0142a do swojego domu\ud83e\udd70 Zm\u0119czona ale przeszcz\u0119\u015bliwa.<\/em><\/p>\n\n\n\n<p><em>Chcemy przekaza\u0107 Wam kilka s\u0142\u00f3w odno\u015bnie zbi\u00f3rki\u2026<br \/>Pocz\u0105tkowe plany zak\u0142ada\u0142y wyjazd do Stan\u00f3w Zjednoczonych do Kliniki w<br \/>St. Luis, gdzie leczenie wyceniono na kwot\u0119 8mln. Ze wzgl\u0119du na pogarszaj\u0105cy si\u0119 stan Agaty, nie mogli\u015bmy czeka\u0107 do czasu uzbierania takiej kwoty. Plany musia\u0142y ulec zmianie &#8211; wybrali\u015bmy inn\u0105 klinik\u0119, oferuj\u0105c\u0105 inny zakres leczenia. Koszty poniesione w San Diego zosta\u0142y ju\u017c w ca\u0142o\u015bci op\u0142acone z uzyskanych \u015brodk\u00f3w na zbi\u00f3rce.<\/em><br \/><em>Jak sami widzicie, by\u0142a to bardzo dobra decyzja\ud83d\ude0a<br \/>W tym momencie musimy uzbroi\u0107 si\u0119 w cierpliwo\u015b\u0107 i czeka\u0107 do wykonania pierwszych rezonans\u00f3w. Wtedy oka\u017ce si\u0119, czy Agata mo\u017ce na tym etapie zako\u0144czy\u0107 leczenie, czy jednak dalej musimy walczy\u0107 z nowotworem i potrzebne b\u0119d\u0105 kolejne kosztowne zabiegi. Na razie mo\u017cemy tylko zgadywa\u0107. Je\u017celi wyniki bada\u0144 bed\u0105 zadowalaj\u0105ce &#8211; na co bardzo liczymy, zako\u0144czymy prowadzon\u0105 zbi\u00f3rk\u0119.<\/em><\/p>\n\n\n\n<p><em>Agat\u0119 czeka intensywna, d\u0142ugotrwa\u0142a i wielowymiarowa rehabilitacja, kt\u00f3ra mo\u017ce potrwa\u0107 nawet rok. Dlatego fundusze zbierane przez rozpocz\u0119te ju\u017c inicjatywy b\u0119d\u0105 przeznaczone na jej dalsz\u0105 rehabilitacj\u0119 i powr\u00f3t do sprawno\u015bci.<br \/>A mamy nad czym pracowa\u0107.&#8221;<\/em><\/p>\n\n\n\n<p>Trzymamy zatem kciuki! <\/p>\n","protected":false},"excerpt":{"rendered":"<p>Obserwujemy i kibicujemy walecznej Agatce Kuberskiej w walce z rakiem. Towarzyszymy jej, jak niemal wszyscy, na ka\u017cdym kroku d\u0142ugiej podr\u00f3\u017cy po zdrowie&#8230;.<\/p>\n","protected":false},"author":3,"featured_media":0,"comment_status":"open","ping_status":"open","sticky":false,"template":"","format":"standard","meta":[],"categories":[4],"tags":[],"jetpack_featured_media_url":"","_links":{"self":[{"href":"https:\/\/ospc.com.pl\/index.php\/wp-json\/wp\/v2\/posts\/869"}],"collection":[{"href":"https:\/\/ospc.com.pl\/index.php\/wp-json\/wp\/v2\/posts"}],"about":[{"href":"https:\/\/ospc.com.pl\/index.php\/wp-json\/wp\/v2\/types\/post"}],"author":[{"embeddable":true,"href":"https:\/\/ospc.com.pl\/index.php\/wp-json\/wp\/v2\/users\/3"}],"replies":[{"embeddable":true,"href":"https:\/\/ospc.com.pl\/index.php\/wp-json\/wp\/v2\/comments?post=869"}],"version-history":[{"count":1,"href":"https:\/\/ospc.com.pl\/index.php\/wp-json\/wp\/v2\/posts\/869\/revisions"}],"predecessor-version":[{"id":871,"href":"https:\/\/ospc.com.pl\/index.php\/wp-json\/wp\/v2\/posts\/869\/revisions\/871"}],"wp:attachment":[{"href":"https:\/\/ospc.com.pl\/index.php\/wp-json\/wp\/v2\/media?parent=869"}],"wp:term":[{"taxonomy":"category","embeddable":true,"href":"https:\/\/ospc.com.pl\/index.php\/wp-json\/wp\/v2\/categories?post=869"},{"taxonomy":"post_tag","embeddable":true,"href":"https:\/\/ospc.com.pl\/index.php\/wp-json\/wp\/v2\/tags?post=869"}],"curies":[{"name":"wp","href":"https:\/\/api.w.org\/{rel}","templated":true}]}}